{"id":336277,"date":"2023-09-14T14:29:35","date_gmt":"2023-09-14T12:29:35","guid":{"rendered":"https:\/\/www.radioluna.it\/news\/?p=336277"},"modified":"2023-09-16T07:23:32","modified_gmt":"2023-09-16T05:23:32","slug":"lencomio-di-gaeta-al-tastierista-dei-nomadi-beppe-carletti","status":"publish","type":"post","link":"https:\/\/www.radioluna.it\/news\/2023\/09\/lencomio-di-gaeta-al-tastierista-dei-nomadi-beppe-carletti\/","title":{"rendered":"L&#8217;encomio di Gaeta al tastierista dei Nomadi Beppe Carletti"},"content":{"rendered":"<div id=\"fb-root\"><\/div>\n<p style=\"text-align: justify;\"><strong>GAETA &#8211;<\/strong> Un encomio al tastierista e fondatore dei Nomadi, Beppe Carletti, \u00e8 arrivato dal comune di Gaeta. La cerimonia si \u00e8 svolta mercoled\u00ec 13 settembre nell\u2019aula consiliare del comune di Gaeta dove il sindaco Cristian Leccese ha ricevuto Beppe Carletti che proprio quest\u2019anno festeggia il 60\u00b0 anniversario dalla fondazione della band musicale pi\u00f9 longeva d\u2019Italia (seconda al mondo dopo i Rolling Stones).<\/p>\n<p style=\"text-align: justify;\">\u201cRingrazio il sindaco Cristian Leccese e tutto il comune di Gaeta per questo riconoscimento\u201d, ha detto Beppe Carletti, \u201cSono molto contento di essere venuto a Gaeta, citt\u00e0 che ho avuto modo di apprezzare per le sue belle artistiche e per il bellissimo porto. E\u2019 una citt\u00e0 che \u00e8 sempre stata presente nei miei ricordi, perch\u00e9 essendo stata sede di un famoso centro penitenziario militare, veniva spesso citata tra i ragazzi che si apprestavano a fare il servizio militare\u201d:<\/p>\n<p style=\"text-align: justify;\">Insieme all\u2019artista, anche la giovane cantautrice emergente di Formia, Camilla Pandozzi, con la quale \u00e8 nata una collaborazione artistica. Gi\u00e0 presente da qualche tempo sui palchi della band emiliana, Camilla Pandozzi sta registrando un nuovo singolo con la presenza di Beppe Carletti al pianoforte, e con la produzione e gli arrangiamenti di Cosmo Masiello. Un momento in cui si incontrano due generazioni di artisti.<\/p>\n<p style=\"text-align: justify;\">Camilla ha condiviso la sua emozione per il progetto: \u201cAncora oggi non riesco a crederci. L\u2019intenzione di Beppe di accompagnarmi era stata gi\u00e0 ufficializzata da diversi mesi, ma sono rimasta in un silenzio scaramantico perch\u00e9 ho il cuore colmo di gioia. Beppe \u00e8 una persona fantastica e sono felicissima e onorata di questa collaborazione\u201d, ha detto la giovane artista, \u201cAbbiamo girato anche un videoclip\u201d.<\/p>\n<p style=\"text-align: justify;\">Intanto, venerd\u00ec 15 novembre, in tutti gli store digitali e in radio, esce \u201cEx-Stasi\u201d, il nuovo brano di Camilla Pandozzi. La giovane artista invita a scoprire il mondo sensazionale della sua nuova canzone. Utilizzando una maestosa sovrapposizione di tonalit\u00e0, combinata con le pulsanti vibrazioni del genere elettro pop, questo brano promette di portarti in un viaggio sonoro come nessun altro.<\/p>\n<p>&nbsp;<\/p>\n","protected":false},"excerpt":{"rendered":"<p>GAETA &#8211; Un encomio al tastierista e fondatore dei Nomadi, Beppe Carletti, \u00e8 arrivato dal comune di Gaeta. La cerimonia si \u00e8 svolta mercoled\u00ec 13 settembre nell\u2019aula consiliare del comune di Gaeta dove il sindaco Cristian Leccese ha ricevuto Beppe Carletti che proprio quest\u2019anno festeggia il 60\u00b0 anniversario dalla fondazione della band musicale pi\u00f9 longeva [&hellip;]<\/p>\n","protected":false},"author":60,"featured_media":336278,"comment_status":"open","ping_status":"open","sticky":false,"template":"","format":"standard","meta":{"footnotes":""},"categories":[735],"tags":[],"class_list":["post-336277","post","type-post","status-publish","format-standard","has-post-thumbnail","hentry","category-attualita"],"_links":{"self":[{"href":"https:\/\/www.radioluna.it\/news\/wp-json\/wp\/v2\/posts\/336277","targetHints":{"allow":["GET"]}}],"collection":[{"href":"https:\/\/www.radioluna.it\/news\/wp-json\/wp\/v2\/posts"}],"about":[{"href":"https:\/\/www.radioluna.it\/news\/wp-json\/wp\/v2\/types\/post"}],"author":[{"embeddable":true,"href":"https:\/\/www.radioluna.it\/news\/wp-json\/wp\/v2\/users\/60"}],"replies":[{"embeddable":true,"href":"https:\/\/www.radioluna.it\/news\/wp-json\/wp\/v2\/comments?post=336277"}],"version-history":[{"count":0,"href":"https:\/\/www.radioluna.it\/news\/wp-json\/wp\/v2\/posts\/336277\/revisions"}],"wp:featuredmedia":[{"embeddable":true,"href":"https:\/\/www.radioluna.it\/news\/wp-json\/wp\/v2\/media\/336278"}],"wp:attachment":[{"href":"https:\/\/www.radioluna.it\/news\/wp-json\/wp\/v2\/media?parent=336277"}],"wp:term":[{"taxonomy":"category","embeddable":true,"href":"https:\/\/www.radioluna.it\/news\/wp-json\/wp\/v2\/categories?post=336277"},{"taxonomy":"post_tag","embeddable":true,"href":"https:\/\/www.radioluna.it\/news\/wp-json\/wp\/v2\/tags?post=336277"}],"curies":[{"name":"wp","href":"https:\/\/api.w.org\/{rel}","templated":true}]}}