{"id":336368,"date":"2023-09-15T16:56:50","date_gmt":"2023-09-15T14:56:50","guid":{"rendered":"https:\/\/www.radioluna.it\/news\/?p=336368"},"modified":"2023-09-20T13:18:32","modified_gmt":"2023-09-20T11:18:32","slug":"uisp-latina-i-riparte-domenica-con-la-corsa-del-centenario","status":"publish","type":"post","link":"https:\/\/www.radioluna.it\/news\/2023\/09\/uisp-latina-i-riparte-domenica-con-la-corsa-del-centenario\/","title":{"rendered":"Uisp Latina, si riparte domenica con la \u201cCorsa del Centenario\u201d"},"content":{"rendered":"<div id=\"fb-root\"><\/div>\n<p style=\"text-align: justify;\">Dopo la breve pausa estiva il Grande Slam Uisp \u201cNatalino Nocera\u201d riparte alla grande con un prestigioso appuntamento nel capoluogo: la 13\u00aa edizione della \u201cMaratonina Azzurra\u201d, organizzata dalla 4\u00aa Brigata in concorso con il 70\u00b0 Stormo e in collaborazione con il Comitato Territoriale Uisp di Latina. In realt\u00e0 la gara \u00e8 stata ribattezzata quest\u2019anno come \u201c Corsa del Centenario\u201d, rientrando tra le celebrazioni in programma per il centesimo anniversario della costituzione dell\u2019Aeronautica Militare. Per l\u2019occasione il Generale di Brigata Sandro Sanasi, affiancato dallo staff coordinato dal T.Col. Roberto Rondoni e dal 1\u00b0 Luogotenente Sergio Acquaviva, in qualit\u00e0 di Comandante di Presidio Militare, ha pensato di coinvolgere quest\u2019anno, nella manifestazione sportiva, sia la 4\u00aa Brigata di Borgo Piave sia il 70\u00b0 Stormo con sede al \u201cComani\u201d di Latina Scalo.<\/p>\n<p style=\"text-align: justify;\">Lo start scatter\u00e0 domenica 17 settembre alle 9.30 dal cuore della citt\u00e0, in piazza del Popolo, ed il serpentone di podisti sar\u00e0 preceduto da un corteo di auto storiche dell\u2019associazione \u201cClass\u201d, presenti per dare ulteriore fascino all\u2019evento. I partecipanti alla gara, dopo la partenza, raggiungeranno prima le cosiddette \u201cCasermette\u201d, attraversando via Piave e, dopo aver percorso un tratto all\u2019interno della base della 4\u00aa Brigata, si dirigeranno verso via Chiesuola, attraverseranno l\u2019Appia, per arrivare infine al traguardo previsto all\u2019interno del 70\u00b0 Stormo, percorrendo la distanza finale di 13,5 km. Lungo il percorso ci saranno tre punti ristoro, al km 5, al km 9 e al traguardo.<\/p>\n<p style=\"text-align: justify;\">Ai partecipanti sar\u00e0 riservato un pacco gara con la t-shirt tecnica commemorativa \u201c100AM\u201d e a coloro che si classificheranno verr\u00e0 consegnata una speciale medaglia, dedicata al centenario. Di notevole rilievo anche il capitolo premiazioni: ci saranno riconoscimenti per le prime cinque societ\u00e0 sportive, per i primi tre atleti e atlete arrivati della classifica generale, per i primi tre di ogni categoria partecipante e per i primi tre atleti e le prime tre atlete dell\u2019Aeronautica Militare.<\/p>\n<p style=\"text-align: justify;\">Le iscrizioni, aperte fino alle 19 del 15 settembre, consentiranno all\u2019organizzazione di confermare la sua storica propensione verso le finalit\u00e0 benefiche: tutto il ricavato, infatti, sar\u00e0 devoluto all\u2019AIRC nell\u2019ambito del progetto \u201cUn dono dal cielo\u201d. La 4\u00aa Brigata Aerea Telecomunicazioni e Sistemi per la Difesa Aerea e l&#8217;Assistenza al Volo ed il 70esimo Stormo dell\u2019aeroporto \u201cComani\u201d hanno anche previsto due ulteriori iniziative, a favore dei podisti ma anche di tutti coloro che vorranno scoprire, o riscoprire, l\u2019affascinante mondo di una Forza Armata unita in modo indissolubile a Latina e al suo territorio: chi vorr\u00e0 partecipare alla corsa potr\u00e0 usufruire di un servizio navetta con partenze dal \u201cComani\u201d di Latina Scalo dalle 7,45, con l\u2019ultima corsa fissata alle 8,45.<\/p>\n<p style=\"text-align: justify;\">E per finire una bella giornata di sport all\u2019insegna dell\u2019indissolubile unione tra l\u2019Aeronautica e la meravigliosa terra pontina, chi vorr\u00e0 potr\u00e0 visitare l\u2019aeroporto militare \u201cComani\u201d approfittando di un open day che prevede aperture straordinarie al pubblico dei sedimi aeronautici. Ulteriori informazioni sono disponibili sul sito uisplatina.it.<\/p>\n<div class=\"radio-posizionamento-telefono-in-articoli-dopo-il-contenuto-articolo radio-entity-placement\" id=\"radio-1846851472\"><div id=\"radio-727425582\"><a href=\"https:\/\/www.simeoneceramiche.com\/\" aria-label=\"SIMEONE CERAMICHE GIF animata per radioluna_Tavola disegno 1 copia 2 (online-video-cutter.com)\"><img loading=\"lazy\" decoding=\"async\" src=\"https:\/\/www.radioluna.it\/news\/wp-content\/uploads\/2025\/05\/SIMEONE-CERAMICHE-GIF-animata-per-radioluna_Tavola-disegno-1-copia-2-online-video-cutter.com_.gif\" alt=\"\"  width=\"300\" height=\"250\"   \/><\/a><\/div><\/div>","protected":false},"excerpt":{"rendered":"<p>Dopo la breve pausa estiva il Grande Slam Uisp \u201cNatalino Nocera\u201d riparte alla grande con un prestigioso appuntamento nel capoluogo: la 13\u00aa edizione della \u201cMaratonina Azzurra\u201d, organizzata dalla 4\u00aa Brigata in concorso con il 70\u00b0 Stormo e in collaborazione con il Comitato Territoriale Uisp di Latina. In realt\u00e0 la gara \u00e8 stata ribattezzata quest\u2019anno come [&hellip;]<\/p>\n","protected":false},"author":5430,"featured_media":0,"comment_status":"open","ping_status":"open","sticky":false,"template":"","format":"standard","meta":{"footnotes":""},"categories":[17],"tags":[],"class_list":["post-336368","post","type-post","status-publish","format-standard","hentry","category-sport"],"_links":{"self":[{"href":"https:\/\/www.radioluna.it\/news\/wp-json\/wp\/v2\/posts\/336368","targetHints":{"allow":["GET"]}}],"collection":[{"href":"https:\/\/www.radioluna.it\/news\/wp-json\/wp\/v2\/posts"}],"about":[{"href":"https:\/\/www.radioluna.it\/news\/wp-json\/wp\/v2\/types\/post"}],"author":[{"embeddable":true,"href":"https:\/\/www.radioluna.it\/news\/wp-json\/wp\/v2\/users\/5430"}],"replies":[{"embeddable":true,"href":"https:\/\/www.radioluna.it\/news\/wp-json\/wp\/v2\/comments?post=336368"}],"version-history":[{"count":1,"href":"https:\/\/www.radioluna.it\/news\/wp-json\/wp\/v2\/posts\/336368\/revisions"}],"predecessor-version":[{"id":336703,"href":"https:\/\/www.radioluna.it\/news\/wp-json\/wp\/v2\/posts\/336368\/revisions\/336703"}],"wp:attachment":[{"href":"https:\/\/www.radioluna.it\/news\/wp-json\/wp\/v2\/media?parent=336368"}],"wp:term":[{"taxonomy":"category","embeddable":true,"href":"https:\/\/www.radioluna.it\/news\/wp-json\/wp\/v2\/categories?post=336368"},{"taxonomy":"post_tag","embeddable":true,"href":"https:\/\/www.radioluna.it\/news\/wp-json\/wp\/v2\/tags?post=336368"}],"curies":[{"name":"wp","href":"https:\/\/api.w.org\/{rel}","templated":true}]}}