{"id":336397,"date":"2023-09-16T08:09:37","date_gmt":"2023-09-16T06:09:37","guid":{"rendered":"https:\/\/www.radioluna.it\/news\/?p=336397"},"modified":"2023-09-16T08:10:36","modified_gmt":"2023-09-16T06:10:36","slug":"sport-city-day-al-circeo-dedicato-alle-attivita-in-acqua-e-allo-yoga","status":"publish","type":"post","link":"https:\/\/www.radioluna.it\/news\/2023\/09\/sport-city-day-al-circeo-dedicato-alle-attivita-in-acqua-e-allo-yoga\/","title":{"rendered":"Sport City Day al Circeo dedicato alle attivit\u00e0 in acqua e allo yoga"},"content":{"rendered":"<div id=\"fb-root\"><\/div>\n<p style=\"text-align: justify;\"><strong>SAN FELICE CIRCEO<\/strong> &#8211; Per il terzo anno, San Felice Circeo ospiter\u00e0 l\u2019evento di Sport City Day, la giornata dedicata allo sport all\u2019aria aperta che si svolger\u00e0 domenica 17 settembre a partire dalle ore 10:00 nel tratto di spiaggia in prossimit\u00e0 dello stabilimento balneare \u201cIl Veliero\u201d. Per l\u2019occasione, in collaborazione con l\u2019Oasi Sport Village e l\u2019asd Les Claquettes 2.0, il Comune di San Felice Circeo ha deciso di dedicare questa giornata all\u2019attivit\u00e0 sportiva che si pu\u00f2 svolgere in mare e sulla spiaggia. In particolare, sar\u00e0 possibile praticare acquagym e yoga, il tutto gratuitamente, grazie alla collaborazione degli istruttori Lucia Lazzari (acquagym) e Alessia Quatrini (yoga).<br \/>\nL\u2019evento mette \u201cin rete\u201d 140 citt\u00e0 e paesi d\u2019Italia che per l\u2019occasione si uniranno virtualmente per diffondere un unico messaggio, ossia quello di promuovere e valorizzare l\u2019attivit\u00e0 sportiva all\u2019aria aperta e tutti i benefici, fisici, di salute e sociali, che da essa scaturiscono.<br \/>\n\u00abSiamo felici &#8211; afferma l\u2019assessore allo Sport del Comune di San Felice Circeo, Felice Capponi &#8211; di partecipare per il terzo anno consecutivo all\u2019evento di Sport City Day. Come amministrazione, puntiamo a promuovere l\u2019attivit\u00e0 sportiva in tutte le sue forme e con l\u2019appuntamento di domenica 17 settembre vogliamo valorizzare ulteriormente le nostre spiagge, meravigliose anche nel mese di settembre, di cosiddetta \u201cbassa stagione\u201d, dove \u00e8 possibile non solo godersi il mare, ma anche pratica sport all\u2019aria aperta\u00bb.<\/p>\n<div class=\"radio-posizionamento-telefono-in-articoli-dopo-il-contenuto-articolo radio-entity-placement\" id=\"radio-3897567191\"><div id=\"radio-3961179316\" style=\"width: 300px;height: 250px;\"><a href=\"https:\/\/www.icarspa.it\/auto\/usate\/latina\/\" aria-label=\"banner aprile icar new life &#8211; auto usate latina\"><img loading=\"lazy\" decoding=\"async\" src=\"https:\/\/www.radioluna.it\/news\/wp-content\/uploads\/2026\/02\/banner-aprile-icar-new-life-auto-usate-latina.gif\" alt=\"\"  width=\"300\" height=\"250\"   \/><\/a><\/div><\/div>","protected":false},"excerpt":{"rendered":"<p>SAN FELICE CIRCEO &#8211; Per il terzo anno, San Felice Circeo ospiter\u00e0 l\u2019evento di Sport City Day, la giornata dedicata allo sport all\u2019aria aperta che si svolger\u00e0 domenica 17 settembre a partire dalle ore 10:00 nel tratto di spiaggia in prossimit\u00e0 dello stabilimento balneare \u201cIl Veliero\u201d. Per l\u2019occasione, in collaborazione con l\u2019Oasi Sport Village e [&hellip;]<\/p>\n","protected":false},"author":60,"featured_media":336398,"comment_status":"open","ping_status":"open","sticky":false,"template":"","format":"standard","meta":{"footnotes":""},"categories":[17],"tags":[],"class_list":["post-336397","post","type-post","status-publish","format-standard","has-post-thumbnail","hentry","category-sport"],"_links":{"self":[{"href":"https:\/\/www.radioluna.it\/news\/wp-json\/wp\/v2\/posts\/336397","targetHints":{"allow":["GET"]}}],"collection":[{"href":"https:\/\/www.radioluna.it\/news\/wp-json\/wp\/v2\/posts"}],"about":[{"href":"https:\/\/www.radioluna.it\/news\/wp-json\/wp\/v2\/types\/post"}],"author":[{"embeddable":true,"href":"https:\/\/www.radioluna.it\/news\/wp-json\/wp\/v2\/users\/60"}],"replies":[{"embeddable":true,"href":"https:\/\/www.radioluna.it\/news\/wp-json\/wp\/v2\/comments?post=336397"}],"version-history":[{"count":0,"href":"https:\/\/www.radioluna.it\/news\/wp-json\/wp\/v2\/posts\/336397\/revisions"}],"wp:featuredmedia":[{"embeddable":true,"href":"https:\/\/www.radioluna.it\/news\/wp-json\/wp\/v2\/media\/336398"}],"wp:attachment":[{"href":"https:\/\/www.radioluna.it\/news\/wp-json\/wp\/v2\/media?parent=336397"}],"wp:term":[{"taxonomy":"category","embeddable":true,"href":"https:\/\/www.radioluna.it\/news\/wp-json\/wp\/v2\/categories?post=336397"},{"taxonomy":"post_tag","embeddable":true,"href":"https:\/\/www.radioluna.it\/news\/wp-json\/wp\/v2\/tags?post=336397"}],"curies":[{"name":"wp","href":"https:\/\/api.w.org\/{rel}","templated":true}]}}