{"id":336401,"date":"2023-09-16T08:15:43","date_gmt":"2023-09-16T06:15:43","guid":{"rendered":"https:\/\/www.radioluna.it\/news\/?p=336401"},"modified":"2023-09-16T08:15:43","modified_gmt":"2023-09-16T06:15:43","slug":"alle-radici-del-cristianesimo-in-terra-pontina-a-cisterna-focus-su-san-paolo-e-tres-tabernae","status":"publish","type":"post","link":"https:\/\/www.radioluna.it\/news\/2023\/09\/alle-radici-del-cristianesimo-in-terra-pontina-a-cisterna-focus-su-san-paolo-e-tres-tabernae\/","title":{"rendered":"Alle radici del cristianesimo in terra pontina a Cisterna focus su San Paolo e Tres Tabernae"},"content":{"rendered":"<div id=\"fb-root\"><\/div>\n<p style=\"text-align: justify;\"><strong>CISTERNA<\/strong> &#8211; Un viaggio indietro nel tempo \u00e8 quello proposto dalla Giornata di studio dal titolo \u00abAlle radici del cristianesimo in terra pontina &#8211; San Paolo e Tres Tabernae\u00bb, organizzata dalla Diocesi di Latina insieme al Comune di Cisterna di Latina, grazie anche al contributo della Bcc Roma di Cisterna. L\u2019incontro si terr\u00e0 sabato 16 settembre 2023, alle ore 10.00, a Palazzo Caetani, sempre a Cisterna di Latina, nell\u2019Aula magna della Biblioteca comunale \u201cA. Marsella\u201d, con ingresso da Largo San Pasquale.<img loading=\"lazy\" decoding=\"async\" class=\"size-full wp-image-336402 alignright\" src=\"https:\/\/www.radioluna.it\/news\/wp-content\/uploads\/2023\/09\/Cisterna_di_Latina_palazzo_caetani.jpg\" alt=\"\" width=\"310\" height=\"232\" \/><\/p>\n<p style=\"text-align: justify;\">A portare i saluti introduttivi saranno monsignor Mariano Crociata, Vescovo di Latina-Terracina-Sezze-Priverno, e Valentino Mantini, il Sindaco di Cisterna di Latina. La presentazione e il coordinamento dei vari e articolati interventi sono stati affidati al professor Clemente Ciammaruconi, noto storico pontino, che svolge ricerche e studi per l\u2019Istituto di Storia e di Arte del Lazio meridionale, oltre a insegnare in alcuni corsi della Scuola di Teologia \u201cPaolo VI\u201d di Latina.<\/p>\n<p style=\"text-align: justify;\">Le relazioni sono state affidate a un gruppo di esperti e studiosi. Inizier\u00e0 Nicoletta Cassieri, gi\u00e0 della Soprintendenza Archeologia, Belle Arti e Paesaggio del Ministero della Cultura, la quale parler\u00e0 su \u00abLa mansio di\u00a0Tres Tabernae\u00a0tra fonti e testimonianze archeologiche\u00bb. Poi sar\u00e0 il turno di Giuseppe Pulcinelli, ordinario della Pontificia Universit\u00e0 Lateranense e Pontificia Universit\u00e0 Gregoriana, con la relazione dal titolo \u00abAl vederli, rese grazie a Dio e prese coraggio (At 28,15) &#8211; San Paolo alle\u00a0Tres Tabernae\u00bb. Infine, il professor Vincenzo Fiocchi Nicolai, docente della Universit\u00e0 degli Studi di Roma Tor Vergata, tratter\u00e0 il tema delle \u00abMemorie paleocristiane ed altomedievali dalla mansio di\u00a0Tres Tabernae\u00bb.<\/p>\n","protected":false},"excerpt":{"rendered":"<p>CISTERNA &#8211; Un viaggio indietro nel tempo \u00e8 quello proposto dalla Giornata di studio dal titolo \u00abAlle radici del cristianesimo in terra pontina &#8211; San Paolo e Tres Tabernae\u00bb, organizzata dalla Diocesi di Latina insieme al Comune di Cisterna di Latina, grazie anche al contributo della Bcc Roma di Cisterna. L\u2019incontro si terr\u00e0 sabato 16 [&hellip;]<\/p>\n","protected":false},"author":60,"featured_media":336402,"comment_status":"open","ping_status":"open","sticky":false,"template":"","format":"standard","meta":{"footnotes":""},"categories":[16],"tags":[],"class_list":["post-336401","post","type-post","status-publish","format-standard","has-post-thumbnail","hentry","category-appuntamenti"],"_links":{"self":[{"href":"https:\/\/www.radioluna.it\/news\/wp-json\/wp\/v2\/posts\/336401","targetHints":{"allow":["GET"]}}],"collection":[{"href":"https:\/\/www.radioluna.it\/news\/wp-json\/wp\/v2\/posts"}],"about":[{"href":"https:\/\/www.radioluna.it\/news\/wp-json\/wp\/v2\/types\/post"}],"author":[{"embeddable":true,"href":"https:\/\/www.radioluna.it\/news\/wp-json\/wp\/v2\/users\/60"}],"replies":[{"embeddable":true,"href":"https:\/\/www.radioluna.it\/news\/wp-json\/wp\/v2\/comments?post=336401"}],"version-history":[{"count":0,"href":"https:\/\/www.radioluna.it\/news\/wp-json\/wp\/v2\/posts\/336401\/revisions"}],"wp:featuredmedia":[{"embeddable":true,"href":"https:\/\/www.radioluna.it\/news\/wp-json\/wp\/v2\/media\/336402"}],"wp:attachment":[{"href":"https:\/\/www.radioluna.it\/news\/wp-json\/wp\/v2\/media?parent=336401"}],"wp:term":[{"taxonomy":"category","embeddable":true,"href":"https:\/\/www.radioluna.it\/news\/wp-json\/wp\/v2\/categories?post=336401"},{"taxonomy":"post_tag","embeddable":true,"href":"https:\/\/www.radioluna.it\/news\/wp-json\/wp\/v2\/tags?post=336401"}],"curies":[{"name":"wp","href":"https:\/\/api.w.org\/{rel}","templated":true}]}}