{"id":337090,"date":"2023-09-26T18:10:19","date_gmt":"2023-09-26T16:10:19","guid":{"rendered":"https:\/\/www.radioluna.it\/news\/?p=337090"},"modified":"2023-09-26T18:10:42","modified_gmt":"2023-09-26T16:10:42","slug":"istituito-a-latina-il-tavolo-tecnico-permanente-per-il-centro-storico","status":"publish","type":"post","link":"https:\/\/www.radioluna.it\/news\/2023\/09\/istituito-a-latina-il-tavolo-tecnico-permanente-per-il-centro-storico\/","title":{"rendered":"Istituito a Latina il tavolo tecnico permanente per il centro storico"},"content":{"rendered":"<div id=\"fb-root\"><\/div>\n<p style=\"text-align: justify;\"><strong>LATINA<\/strong> &#8211; E\u2019 stato istituito oggi, presso l\u2019assessorato all\u2019Urbanistica, il tavolo tecnico permanente per il centro storico di Latina, composto dagli assessorati e dai servizi di Pianificazione, Trasporti, Ambiente e Attivit\u00e0 produttive.<\/p>\n<p style=\"text-align: justify;\">La prima riunione, coordinata dall\u2019assessore Annalisa Muzio, \u00e8 servita a calendarizzare i prossimi incontri che serviranno ad affrontare il tema della pianificazione del centro storico all\u2019interno della Circonvallazione. Presente anche la consulta degli ordini professionali tecnici che sta fornendo attivit\u00e0 consultiva all\u2019assessorato Pianificazione urbanistica.<\/p>\n<p style=\"text-align: justify;\">\u201cOgni ufficio \u2013 ha spiegato l\u2019assessore Muzio &#8211; provveder\u00e0 per le proprie competenze a fornire al servizio Pianificazione le proposte utili alla creazione di un progetto complessivo che riguardi non soltanto piazza del Popolo ma tutta l\u2019area che si sviluppa all\u2019interno della cosiddetta zona rossa. Parliamo di soluzioni per i parcheggi, per la viabilit\u00e0, per la cura del verde e per la valorizzazione del centro storico. E\u2019 un modello di lavoro che si suddivide tra i vari assessorati e che ci consentir\u00e0 di fornire risposte competenti, concrete e realizzabili per la nostra citt\u00e0. La prossima riunione tecnica avr\u00e0 luogo a met\u00e0 ottobre\u201d.<\/p>\n","protected":false},"excerpt":{"rendered":"<p>LATINA &#8211; E\u2019 stato istituito oggi, presso l\u2019assessorato all\u2019Urbanistica, il tavolo tecnico permanente per il centro storico di Latina, composto dagli assessorati e dai servizi di Pianificazione, Trasporti, Ambiente e Attivit\u00e0 produttive. La prima riunione, coordinata dall\u2019assessore Annalisa Muzio, \u00e8 servita a calendarizzare i prossimi incontri che serviranno ad affrontare il tema della pianificazione del [&hellip;]<\/p>\n","protected":false},"author":60,"featured_media":337091,"comment_status":"open","ping_status":"open","sticky":false,"template":"","format":"standard","meta":{"footnotes":""},"categories":[8],"tags":[],"class_list":["post-337090","post","type-post","status-publish","format-standard","has-post-thumbnail","hentry","category-politica"],"_links":{"self":[{"href":"https:\/\/www.radioluna.it\/news\/wp-json\/wp\/v2\/posts\/337090","targetHints":{"allow":["GET"]}}],"collection":[{"href":"https:\/\/www.radioluna.it\/news\/wp-json\/wp\/v2\/posts"}],"about":[{"href":"https:\/\/www.radioluna.it\/news\/wp-json\/wp\/v2\/types\/post"}],"author":[{"embeddable":true,"href":"https:\/\/www.radioluna.it\/news\/wp-json\/wp\/v2\/users\/60"}],"replies":[{"embeddable":true,"href":"https:\/\/www.radioluna.it\/news\/wp-json\/wp\/v2\/comments?post=337090"}],"version-history":[{"count":1,"href":"https:\/\/www.radioluna.it\/news\/wp-json\/wp\/v2\/posts\/337090\/revisions"}],"predecessor-version":[{"id":337092,"href":"https:\/\/www.radioluna.it\/news\/wp-json\/wp\/v2\/posts\/337090\/revisions\/337092"}],"wp:featuredmedia":[{"embeddable":true,"href":"https:\/\/www.radioluna.it\/news\/wp-json\/wp\/v2\/media\/337091"}],"wp:attachment":[{"href":"https:\/\/www.radioluna.it\/news\/wp-json\/wp\/v2\/media?parent=337090"}],"wp:term":[{"taxonomy":"category","embeddable":true,"href":"https:\/\/www.radioluna.it\/news\/wp-json\/wp\/v2\/categories?post=337090"},{"taxonomy":"post_tag","embeddable":true,"href":"https:\/\/www.radioluna.it\/news\/wp-json\/wp\/v2\/tags?post=337090"}],"curies":[{"name":"wp","href":"https:\/\/api.w.org\/{rel}","templated":true}]}}