{"id":337194,"date":"2023-09-28T07:34:35","date_gmt":"2023-09-28T05:34:35","guid":{"rendered":"https:\/\/www.radioluna.it\/news\/?p=337194"},"modified":"2023-09-28T07:34:35","modified_gmt":"2023-09-28T05:34:35","slug":"rifiuti-ghera-ogni-provincia-deve-essere-autonoma","status":"publish","type":"post","link":"https:\/\/www.radioluna.it\/news\/2023\/09\/rifiuti-ghera-ogni-provincia-deve-essere-autonoma\/","title":{"rendered":"Rifiuti, Ghera: &#8220;Ogni provincia deve essere autonoma&#8221;"},"content":{"rendered":"<div id=\"fb-root\"><\/div>\n<p style=\"text-align: justify;\"><strong>LAZIO &#8211;<\/strong> \u00abIn dieci anni di amministrazione Zingaretti le province del Lazio hanno pagato un prezzo altissimo a causa della mancata programmazione della sinistra in materia di rifiuti. Di fatto le province sono diventate la pattumiera della regione. Il nuovo piano rifiuti \u00e8 indispensabile e non pi\u00f9 rinviabile e dar\u00e0 finalmente risposte strutturali all\u2019emergenza che da anni attanaglia il Lazio. Il termovalorizzatore di Roma non pu\u00f2 essere considerato la panacea di tutti i mali. Indipendentemente dalle scelte del commissario Gualtieri, al Lazio servono scelte coraggiose e strutturali per incentivare la raccolta differenziata, realizzare impianti e chiudere il ciclo rifiuti. \u00c8 arrivata l\u2019ora di prendere decisioni responsabili e lungimiranti per far s\u00ec che tutte le province del Lazio siano autosufficienti nella chiusura del ciclo rifiuti\u00bb.<\/p>\n<p style=\"text-align: justify;\">Lo dichiara l\u2019assessore della Regione Lazio a Mobilit\u00e0, Trasporti, Tutela del patrimonio, Ciclo dei rifiuti, Demanio e Patrimonio Fabrizio Ghera.<\/p>\n","protected":false},"excerpt":{"rendered":"<p>LAZIO &#8211; \u00abIn dieci anni di amministrazione Zingaretti le province del Lazio hanno pagato un prezzo altissimo a causa della mancata programmazione della sinistra in materia di rifiuti. Di fatto le province sono diventate la pattumiera della regione. Il nuovo piano rifiuti \u00e8 indispensabile e non pi\u00f9 rinviabile e dar\u00e0 finalmente risposte strutturali all\u2019emergenza che [&hellip;]<\/p>\n","protected":false},"author":60,"featured_media":0,"comment_status":"open","ping_status":"open","sticky":false,"template":"","format":"standard","meta":{"footnotes":""},"categories":[8],"tags":[],"class_list":["post-337194","post","type-post","status-publish","format-standard","hentry","category-politica"],"_links":{"self":[{"href":"https:\/\/www.radioluna.it\/news\/wp-json\/wp\/v2\/posts\/337194","targetHints":{"allow":["GET"]}}],"collection":[{"href":"https:\/\/www.radioluna.it\/news\/wp-json\/wp\/v2\/posts"}],"about":[{"href":"https:\/\/www.radioluna.it\/news\/wp-json\/wp\/v2\/types\/post"}],"author":[{"embeddable":true,"href":"https:\/\/www.radioluna.it\/news\/wp-json\/wp\/v2\/users\/60"}],"replies":[{"embeddable":true,"href":"https:\/\/www.radioluna.it\/news\/wp-json\/wp\/v2\/comments?post=337194"}],"version-history":[{"count":0,"href":"https:\/\/www.radioluna.it\/news\/wp-json\/wp\/v2\/posts\/337194\/revisions"}],"wp:attachment":[{"href":"https:\/\/www.radioluna.it\/news\/wp-json\/wp\/v2\/media?parent=337194"}],"wp:term":[{"taxonomy":"category","embeddable":true,"href":"https:\/\/www.radioluna.it\/news\/wp-json\/wp\/v2\/categories?post=337194"},{"taxonomy":"post_tag","embeddable":true,"href":"https:\/\/www.radioluna.it\/news\/wp-json\/wp\/v2\/tags?post=337194"}],"curies":[{"name":"wp","href":"https:\/\/api.w.org\/{rel}","templated":true}]}}