{"id":337386,"date":"2023-09-30T15:39:32","date_gmt":"2023-09-30T13:39:32","guid":{"rendered":"https:\/\/www.radioluna.it\/news\/?p=337386"},"modified":"2023-10-02T13:41:35","modified_gmt":"2023-10-02T11:41:35","slug":"morto-con-i-trattore-lunedi-nella-chiesa-di-santa-maria-a-priverno-i-funerali-di-ludovico-passeri","status":"publish","type":"post","link":"https:\/\/www.radioluna.it\/news\/2023\/09\/morto-con-i-trattore-lunedi-nella-chiesa-di-santa-maria-a-priverno-i-funerali-di-ludovico-passeri\/","title":{"rendered":"Morto sotto il trattore, luned\u00ec nella chiesa di Santa Maria a Priverno i funerali di Ludovico Passeri"},"content":{"rendered":"<div id=\"fb-root\"><\/div>\n<p style=\"text-align: justify;\"><strong>MAENZA\u00a0<\/strong> &#8211; La ricostruzione dell&#8217;incidente fatta dai carabinieri non lascia dubbi sulle tragiche cause della morte di Ludovico Passeri, il 25enne che amava i suoi monti e il lavoro di taglialegna che svolgeva con passione, rimasto schiacciato venerd\u00ec dal trattore che guidava in localit\u00e0 Boschetto. Gi\u00e0 nella serata di ieri, alcune ore dopo l&#8217;incidente, il corpo \u00e8 stato riaffidato alla famiglia e oggi sono state fissate le esequie. <strong>L&#8217;ultimo saluto a Ludovico si terr\u00e0 luned\u00ec prossimo, 2 ottobre, alle ore 9,30, nella Cattedrale di Santa Maria a Priverno.<\/strong><\/p>\n<p style=\"text-align: justify;\">E&#8217; stata certamente la conformazione accidentata del terreno che rende rischioso, ma necessario per quel genere di operazioni, l&#8217;uso del trattore, forse una banale distrazione, a causare l&#8217;incidente.\u00a0 Quello che \u00e8 certo \u00e8 che a Ludovico non \u00e8 bastata l&#8217;esperienza accumulata negli anni per evitare che il mezzo agricolo che trasportava si ribaltasse. Un passione vera e propria la sua, voleva fare\u00a0 boscaiolo e per questa ragione aveva lasciato il mestiere di cuoco praticato per alcuni anni dopo il diploma e con ottimi risultati: &#8220;Avrebbe potuto tranquillamente fare questo lavoro, era bravissimo, ma il richiamo della sua collina \u00e8 stato pi\u00f9 forte&#8221;, ricordano da Marechiaro al Lido di Latina.\u00a0 Qui lo aspettavano per una cena tutti insieme, perch\u00e9 era rimasto nel cuore di tutti.<\/p>\n<p style=\"text-align: justify;\">Esprimono il loro cordoglio anche attraverso i social i sindaci di Priverno e Maenza, Anna Maria Bilancia e Claudio Sperduti, le cui comunit\u00e0 sono state sconvolte dalla morte di Ludovico Passeri, il giovane morto ieri schiacciato dal trattore mentre lavorava nei boschi in localit\u00e0 Spirito Santo, nella frazione di via Boschetto. \u201cNon riusciamo a farci una ragione di quanto \u00e8 accaduto perch\u00e9 non c&#8217;\u00e8 nulla di razionale nella perdita di una vita nel fiore degli anni, spesa per gli altri e per ci\u00f2 che \u00e8 giusto\u201d ha scritto su Facebook la prima cittadina di Priverno che ha commemorato il 25enne anche durante il consiglio comunale di ieri. \u201cA 25 anni si pu\u00f2 essere una infinit\u00e0 di cose, ma certo non si pu\u00f2 morire. Non si pu\u00f2 morire sotto un trattore. Non si pu\u00f2 morire al lavoro\u201d scrive invece il sindaco di Maenza, luogo in cui vivono i nonni e gli zii materni di Ludovico.<\/p>\n","protected":false},"excerpt":{"rendered":"<p>MAENZA\u00a0 &#8211; La ricostruzione dell&#8217;incidente fatta dai carabinieri non lascia dubbi sulle tragiche cause della morte di Ludovico Passeri, il 25enne che amava i suoi monti e il lavoro di taglialegna che svolgeva con passione, rimasto schiacciato venerd\u00ec dal trattore che guidava in localit\u00e0 Boschetto. Gi\u00e0 nella serata di ieri, alcune ore dopo l&#8217;incidente, il [&hellip;]<\/p>\n","protected":false},"author":62,"featured_media":337387,"comment_status":"open","ping_status":"open","sticky":false,"template":"","format":"standard","meta":{"footnotes":""},"categories":[7,2428],"tags":[],"class_list":["post-337386","post","type-post","status-publish","format-standard","has-post-thumbnail","hentry","category-cronaca","category-primo-piano"],"_links":{"self":[{"href":"https:\/\/www.radioluna.it\/news\/wp-json\/wp\/v2\/posts\/337386","targetHints":{"allow":["GET"]}}],"collection":[{"href":"https:\/\/www.radioluna.it\/news\/wp-json\/wp\/v2\/posts"}],"about":[{"href":"https:\/\/www.radioluna.it\/news\/wp-json\/wp\/v2\/types\/post"}],"author":[{"embeddable":true,"href":"https:\/\/www.radioluna.it\/news\/wp-json\/wp\/v2\/users\/62"}],"replies":[{"embeddable":true,"href":"https:\/\/www.radioluna.it\/news\/wp-json\/wp\/v2\/comments?post=337386"}],"version-history":[{"count":11,"href":"https:\/\/www.radioluna.it\/news\/wp-json\/wp\/v2\/posts\/337386\/revisions"}],"predecessor-version":[{"id":337401,"href":"https:\/\/www.radioluna.it\/news\/wp-json\/wp\/v2\/posts\/337386\/revisions\/337401"}],"wp:featuredmedia":[{"embeddable":true,"href":"https:\/\/www.radioluna.it\/news\/wp-json\/wp\/v2\/media\/337387"}],"wp:attachment":[{"href":"https:\/\/www.radioluna.it\/news\/wp-json\/wp\/v2\/media?parent=337386"}],"wp:term":[{"taxonomy":"category","embeddable":true,"href":"https:\/\/www.radioluna.it\/news\/wp-json\/wp\/v2\/categories?post=337386"},{"taxonomy":"post_tag","embeddable":true,"href":"https:\/\/www.radioluna.it\/news\/wp-json\/wp\/v2\/tags?post=337386"}],"curies":[{"name":"wp","href":"https:\/\/api.w.org\/{rel}","templated":true}]}}