{"id":337769,"date":"2023-10-05T16:22:36","date_gmt":"2023-10-05T14:22:36","guid":{"rendered":"https:\/\/www.radioluna.it\/news\/?p=337769"},"modified":"2023-10-05T19:40:35","modified_gmt":"2023-10-05T17:40:35","slug":"parco-dei-monti-ausoni-si-insedia-il-commissario-incocciati","status":"publish","type":"post","link":"https:\/\/www.radioluna.it\/news\/2023\/10\/parco-dei-monti-ausoni-si-insedia-il-commissario-incocciati\/","title":{"rendered":"Parco dei Monti Ausoni e Lago di Fondi, si insedia il commissario Incocciati"},"content":{"rendered":"<div id=\"fb-root\"><\/div>\n<p style=\"text-align: justify;\"><strong>LATINA<\/strong> &#8211; Si \u00e8 insediato Giuseppe Incocciati, nominato\u00a0 Commissario straordinario dell\u2019Ente Parco Naturale Regionale dei Monti Ausoni e Lago di Fondi da molti conosciuto prima come calciatore.<\/p>\n<p style=\"text-align: justify;\">\u201cSono lieto \u2013 ha dichiarato il neo-Commissario dopo aver raggiunto la sede di Via Camillo Benso Conte di Cavour a Fondi &#8211;\u00a0 di assumere questo nuovo e stimolante incarico, che mi riempie di orgoglio ma mi investe anche di rilevanti responsabilit\u00e0: il Parco dei Monti Ausoni e Lago di Fondi, infatti, vanta un patrimonio di paesaggi, di storia e di tradizioni tra i pi\u00f9 ricchi e vari della Regione Lazio. Ringrazio l\u2019Assessore Righini e il Presidente Rocca per la fiducia accordatami: far\u00f2 tutto il possibile per esserne all\u2019altezza&#8221;.<\/p>\n<p style=\"text-align: justify;\">A dargli il benvenuto il direttore del Parco, Lucio De Filippis, che con tutti i dipendenti dell\u2019Ente &#8220;rivolge al nuovo Commissario un caloroso saluto di benvenuto e i pi\u00f9 sinceri auguri per l\u2019espletamento dell\u2019importante e delicato incarico conferitogli&#8221;.<\/p>\n<p style=\"text-align: justify;\">&#8220;I Parchi naturali\u00a0 &#8211; aggiunge Incocciati &#8211; sono oggi l\u2019avamposto di una sfida \u2013 una sfida ecologica ma anche, contestualmente, una sfida culturale \u2013 che ci vede tutti coinvolti: pubbliche istituzioni, associazioni, privati cittadini. I Parchi ci offrono la testimonianza concreta di come questa sfida richieda un impegno su pi\u00f9 fronti: la tutela dell\u2019ambiente, la conservazione e la valorizzazione dei beni storico-artistici, la ricerca di una interlocuzione costante con le comunit\u00e0 e le amministrazioni locali al fine di orientarle verso l\u2019adozione di scelte economiche e sociali sostenibili, la promozione di una capillare azione di educazione ambientale. Tutto ci\u00f2 richiede una collaborazione e uno sforzo solidale. Per questo auspico che le sinergie gi\u00e0 fruttuosamente avviate tra l\u2019Ente Parco, i Comuni e le associazioni che a vario titolo operano sul territorio possano continuare ed essere anzi rafforzate. Allo stesso tempo vorrei rivolgere anch\u2019io, da parte mia, un saluto e un augurio al Direttore e a tutto il personale dell\u2019Ente Parco, la cui comprovata dedizione al lavoro contribuir\u00e0 certamente a rendere pi\u00f9 agevole e pi\u00f9 ricco di risultati il nostro prossimo comune cammino. Guida della nostra azione dovranno essere l\u2019intelligenza e l\u2019esperienza; ma a motivarci, ancor prima, dovranno essere, nel profondo, l\u2019amore per la nostra terra e la consapevolezza che spetta a noi difenderne e tramandarne i valori e i tesori alle future generazioni\u201d.<\/p>\n<p>Il commissario \u00e8 stato nominato nei giorni scorsi con decreto T 00199 del 29.09.2023, su proposta dell\u2019Assessore al Bilancio, Programmazione economica, Agricoltura e Sovranit\u00e0 alimentare, Caccia e Pesca, Parchi e Foreste Giancarlo Righini, dal Presidente della Regione Lazio Francesco Rocca.<\/p>\n","protected":false},"excerpt":{"rendered":"<p>LATINA &#8211; Si \u00e8 insediato Giuseppe Incocciati, nominato\u00a0 Commissario straordinario dell\u2019Ente Parco Naturale Regionale dei Monti Ausoni e Lago di Fondi da molti conosciuto prima come calciatore. \u201cSono lieto \u2013 ha dichiarato il neo-Commissario dopo aver raggiunto la sede di Via Camillo Benso Conte di Cavour a Fondi &#8211;\u00a0 di assumere questo nuovo e stimolante [&hellip;]<\/p>\n","protected":false},"author":62,"featured_media":337770,"comment_status":"open","ping_status":"open","sticky":false,"template":"","format":"standard","meta":{"footnotes":""},"categories":[12,2428],"tags":[],"class_list":["post-337769","post","type-post","status-publish","format-standard","has-post-thumbnail","hentry","category-ambiente","category-primo-piano"],"_links":{"self":[{"href":"https:\/\/www.radioluna.it\/news\/wp-json\/wp\/v2\/posts\/337769","targetHints":{"allow":["GET"]}}],"collection":[{"href":"https:\/\/www.radioluna.it\/news\/wp-json\/wp\/v2\/posts"}],"about":[{"href":"https:\/\/www.radioluna.it\/news\/wp-json\/wp\/v2\/types\/post"}],"author":[{"embeddable":true,"href":"https:\/\/www.radioluna.it\/news\/wp-json\/wp\/v2\/users\/62"}],"replies":[{"embeddable":true,"href":"https:\/\/www.radioluna.it\/news\/wp-json\/wp\/v2\/comments?post=337769"}],"version-history":[{"count":4,"href":"https:\/\/www.radioluna.it\/news\/wp-json\/wp\/v2\/posts\/337769\/revisions"}],"predecessor-version":[{"id":337791,"href":"https:\/\/www.radioluna.it\/news\/wp-json\/wp\/v2\/posts\/337769\/revisions\/337791"}],"wp:featuredmedia":[{"embeddable":true,"href":"https:\/\/www.radioluna.it\/news\/wp-json\/wp\/v2\/media\/337770"}],"wp:attachment":[{"href":"https:\/\/www.radioluna.it\/news\/wp-json\/wp\/v2\/media?parent=337769"}],"wp:term":[{"taxonomy":"category","embeddable":true,"href":"https:\/\/www.radioluna.it\/news\/wp-json\/wp\/v2\/categories?post=337769"},{"taxonomy":"post_tag","embeddable":true,"href":"https:\/\/www.radioluna.it\/news\/wp-json\/wp\/v2\/tags?post=337769"}],"curies":[{"name":"wp","href":"https:\/\/api.w.org\/{rel}","templated":true}]}}