{"id":338290,"date":"2023-10-12T18:31:12","date_gmt":"2023-10-12T16:31:12","guid":{"rendered":"https:\/\/www.radioluna.it\/news\/?p=338290"},"modified":"2023-10-12T18:34:24","modified_gmt":"2023-10-12T16:34:24","slug":"prima-personale-darte-per-il-sedicenne-di-latina-paolo-valentini","status":"publish","type":"post","link":"https:\/\/www.radioluna.it\/news\/2023\/10\/prima-personale-darte-per-il-sedicenne-di-latina-paolo-valentini\/","title":{"rendered":"Prima personale d&#8217;arte per il sedicenne di Latina Paolo Valentini"},"content":{"rendered":"<div id=\"fb-root\"><\/div>\n<p style=\"text-align: justify;\"><strong><img loading=\"lazy\" decoding=\"async\" class=\"alignnone size-full wp-image-338291\" src=\"https:\/\/www.radioluna.it\/news\/wp-content\/uploads\/2023\/10\/paolo-valentini.jpg\" alt=\"\" width=\"1358\" height=\"1920\" srcset=\"https:\/\/www.radioluna.it\/news\/wp-content\/uploads\/2023\/10\/paolo-valentini.jpg 1358w, https:\/\/www.radioluna.it\/news\/wp-content\/uploads\/2023\/10\/paolo-valentini-768x1086.jpg 768w, https:\/\/www.radioluna.it\/news\/wp-content\/uploads\/2023\/10\/paolo-valentini-1086x1536.jpg 1086w\" sizes=\"auto, (max-width: 1358px) 100vw, 1358px\" \/><\/strong><\/p>\n<p style=\"text-align: justify;\"><strong>LATINA &#8211; <\/strong>A sedici anni avr\u00e0 la sua prima mostra personale, Paolo Valentini, studente del Liceo Artistico di Latina che esporr\u00e0 con il Museo d\u2019Arte Diffusa da Oliocentrica. &#8220;Sar\u00e0\u00a0 il battesimo artistico di Paolo che \u00e8 reduce dalla collettiva Arte ALTRamonto alla ex Cinema Enal di Latina Scalo, una raccolta di disegni e sketch, ritratti e qualche tavola con lo stile del fumetto, realizzati a matita e carboncino quindi monocromatici&#8221;, racconta il curatore Fabio D&#8217;Achille.<br \/>\nIl giovane talento che sta crescendo sotto la guida del maestro Enrico Greci\u00a0 \u00a0&#8211; che a Latina da molti anni prepara giovani e adulti all\u2019arte figurativa nella scuola d\u2019arte \u201cCreatiVita\u201d intitolata a Gianni Lanza\u00a0 &#8211; racconta di s\u00e9 : \u201cHo sempre avuto questa passione incrollabile per l&#8217;arte e fin da quando ero bambino la pittura \u00e8 stata la mia attivit\u00e0 preferita per divertimento e svago. C&#8217;\u00e8 qualcosa di cos\u00ec liberatorio nell&#8217;esprimermi attraverso i colori e i tratti sulla tela. Che si tratti di paesaggi vibranti o di pennellate astratte, l&#8217;arte \u00e8 sempre stata il mio modo di fuggire dalla realt\u00e0 per un po&#8217; e di immergermi in un mondo di creativit\u00e0. La sensazione del pennello o della matita che scivola dolcemente sulla superficie, creando qualcosa dal nulla: \u00e8 pura felicit\u00e0 \u00e8 la soddisfazione di aver fatto qualcosa di completamente tuo. E ora, da ragazzo, questo hobby che credevo fosse soltanto per svago si \u00e8 evoluto in qualcosa di pi\u00f9 profondo; \u00e8 diventata la passione e lo studio e scopo della mia vita\u201d.<br \/>\nLa mostra allestita in questi giorni da Fabio D&#8217;Achille, presso Oliocentrica, sar\u00e0 visitabile fino alla fine del 2023.<\/p>\n","protected":false},"excerpt":{"rendered":"<p>LATINA &#8211; A sedici anni avr\u00e0 la sua prima mostra personale, Paolo Valentini, studente del Liceo Artistico di Latina che esporr\u00e0 con il Museo d\u2019Arte Diffusa da Oliocentrica. &#8220;Sar\u00e0\u00a0 il battesimo artistico di Paolo che \u00e8 reduce dalla collettiva Arte ALTRamonto alla ex Cinema Enal di Latina Scalo, una raccolta di disegni e sketch, ritratti [&hellip;]<\/p>\n","protected":false},"author":62,"featured_media":338292,"comment_status":"open","ping_status":"open","sticky":false,"template":"","format":"standard","meta":{"footnotes":""},"categories":[16,734],"tags":[],"class_list":["post-338290","post","type-post","status-publish","format-standard","has-post-thumbnail","hentry","category-appuntamenti","category-evidenza"],"_links":{"self":[{"href":"https:\/\/www.radioluna.it\/news\/wp-json\/wp\/v2\/posts\/338290","targetHints":{"allow":["GET"]}}],"collection":[{"href":"https:\/\/www.radioluna.it\/news\/wp-json\/wp\/v2\/posts"}],"about":[{"href":"https:\/\/www.radioluna.it\/news\/wp-json\/wp\/v2\/types\/post"}],"author":[{"embeddable":true,"href":"https:\/\/www.radioluna.it\/news\/wp-json\/wp\/v2\/users\/62"}],"replies":[{"embeddable":true,"href":"https:\/\/www.radioluna.it\/news\/wp-json\/wp\/v2\/comments?post=338290"}],"version-history":[{"count":2,"href":"https:\/\/www.radioluna.it\/news\/wp-json\/wp\/v2\/posts\/338290\/revisions"}],"predecessor-version":[{"id":338301,"href":"https:\/\/www.radioluna.it\/news\/wp-json\/wp\/v2\/posts\/338290\/revisions\/338301"}],"wp:featuredmedia":[{"embeddable":true,"href":"https:\/\/www.radioluna.it\/news\/wp-json\/wp\/v2\/media\/338292"}],"wp:attachment":[{"href":"https:\/\/www.radioluna.it\/news\/wp-json\/wp\/v2\/media?parent=338290"}],"wp:term":[{"taxonomy":"category","embeddable":true,"href":"https:\/\/www.radioluna.it\/news\/wp-json\/wp\/v2\/categories?post=338290"},{"taxonomy":"post_tag","embeddable":true,"href":"https:\/\/www.radioluna.it\/news\/wp-json\/wp\/v2\/tags?post=338290"}],"curies":[{"name":"wp","href":"https:\/\/api.w.org\/{rel}","templated":true}]}}