{"id":338316,"date":"2023-10-13T07:28:10","date_gmt":"2023-10-13T05:28:10","guid":{"rendered":"https:\/\/www.radioluna.it\/news\/?p=338316"},"modified":"2023-10-13T18:44:45","modified_gmt":"2023-10-13T16:44:45","slug":"ciclista-falciato-a-cisterna-si-autodenuncia-un-80enne-del-posto","status":"publish","type":"post","link":"https:\/\/www.radioluna.it\/news\/2023\/10\/ciclista-falciato-a-cisterna-si-autodenuncia-un-80enne-del-posto\/","title":{"rendered":"Ciclista falciato a Cisterna, si autodenuncia un 80enne del posto"},"content":{"rendered":"<div id=\"fb-root\"><\/div>\n<p><strong>CISTERNA<\/strong> &#8211; Si \u00e8 presentato al comando della polizia locale e si \u00e8 autodenunciato. Ha 80 anni ed \u00e8 di Cisterna l&#8217;uomo che si \u00e8 autoaccusato di aver falciato mentre andava a forte velocit\u00e0, David Calabr\u00f2, il ciclista di 46 anni travolto da un&#8217;auto su via Nettuno a Cisterna.<\/p>\n<p>La versione fornita dal presunto autore del tragico investimento,\u00a0 \u00e8 comunque al vaglio degli agenti che stanno cercando riscontri alla ricostruzione dell\u2019incidente anche cercando e analizzando le immagini registrate da telecamere della zona. L&#8217;uomo al momento \u00e8 indagato a piede libero per omicidio stradale e omissione di soccorso. L\u2019auto, intestata alla moglie, \u00e8 stata sequestrata.<\/p>\n","protected":false},"excerpt":{"rendered":"<p>CISTERNA &#8211; Si \u00e8 presentato al comando della polizia locale e si \u00e8 autodenunciato. Ha 80 anni ed \u00e8 di Cisterna l&#8217;uomo che si \u00e8 autoaccusato di aver falciato mentre andava a forte velocit\u00e0, David Calabr\u00f2, il ciclista di 46 anni travolto da un&#8217;auto su via Nettuno a Cisterna. La versione fornita dal presunto autore [&hellip;]<\/p>\n","protected":false},"author":62,"featured_media":338317,"comment_status":"open","ping_status":"open","sticky":false,"template":"","format":"standard","meta":{"footnotes":""},"categories":[7,2428],"tags":[],"class_list":["post-338316","post","type-post","status-publish","format-standard","has-post-thumbnail","hentry","category-cronaca","category-primo-piano"],"_links":{"self":[{"href":"https:\/\/www.radioluna.it\/news\/wp-json\/wp\/v2\/posts\/338316","targetHints":{"allow":["GET"]}}],"collection":[{"href":"https:\/\/www.radioluna.it\/news\/wp-json\/wp\/v2\/posts"}],"about":[{"href":"https:\/\/www.radioluna.it\/news\/wp-json\/wp\/v2\/types\/post"}],"author":[{"embeddable":true,"href":"https:\/\/www.radioluna.it\/news\/wp-json\/wp\/v2\/users\/62"}],"replies":[{"embeddable":true,"href":"https:\/\/www.radioluna.it\/news\/wp-json\/wp\/v2\/comments?post=338316"}],"version-history":[{"count":1,"href":"https:\/\/www.radioluna.it\/news\/wp-json\/wp\/v2\/posts\/338316\/revisions"}],"predecessor-version":[{"id":338318,"href":"https:\/\/www.radioluna.it\/news\/wp-json\/wp\/v2\/posts\/338316\/revisions\/338318"}],"wp:featuredmedia":[{"embeddable":true,"href":"https:\/\/www.radioluna.it\/news\/wp-json\/wp\/v2\/media\/338317"}],"wp:attachment":[{"href":"https:\/\/www.radioluna.it\/news\/wp-json\/wp\/v2\/media?parent=338316"}],"wp:term":[{"taxonomy":"category","embeddable":true,"href":"https:\/\/www.radioluna.it\/news\/wp-json\/wp\/v2\/categories?post=338316"},{"taxonomy":"post_tag","embeddable":true,"href":"https:\/\/www.radioluna.it\/news\/wp-json\/wp\/v2\/tags?post=338316"}],"curies":[{"name":"wp","href":"https:\/\/api.w.org\/{rel}","templated":true}]}}