{"id":338348,"date":"2023-10-13T10:35:16","date_gmt":"2023-10-13T08:35:16","guid":{"rendered":"https:\/\/www.radioluna.it\/news\/?p=338348"},"modified":"2023-10-13T10:35:39","modified_gmt":"2023-10-13T08:35:39","slug":"tiero-incontra-i-lavoratori-della-mancoop-di-ss-cosma","status":"publish","type":"post","link":"https:\/\/www.radioluna.it\/news\/2023\/10\/tiero-incontra-i-lavoratori-della-mancoop-di-ss-cosma\/","title":{"rendered":"Tiero incontra i lavoratori della Mancoop di SS Cosma"},"content":{"rendered":"<div id=\"fb-root\"><\/div>\n<p style=\"text-align: justify;\">SS Cosma e Damiano &#8211; Ha incontrato i lavoratori della cooperativa Mancoop, il presidente della commissione Sviluppo economico e Attivit\u00e0 produttive del Consiglio regionale del Lazio, Enrico Tiero. &#8220;Un marchio importante\u00a0 &#8211; spiega &#8211; che ha continuato a mantenere attivo lo storico stabilimento ex Manuli di SS Cosma e Damiano da circa 12 anni attraverso un contratto di affitto con la curatela. Il sito \u00e8 stato ristrutturato e trasformato in un condominio industriale che ospita 40 aziende oltre alla prosecuzione dell\u2019attivit\u00e0 di personalizzazione di nastri adesivi. Un gruppo di imprenditori si \u00e8 recentemente aggiudicato l\u2019immobile. Pertanto a breve dovr\u00e0 esserci un passaggio di propriet\u00e0, ma non c\u2019\u00e8 ancora chiarezza sul futuro organizzativo e lavorativo dei dipendenti della Mancoop che hanno gestito in questi anni il sito industriale investendo ingenti risorse. Si tratta di un sito che di fatto ha un indotto di 350 lavoratori. Stiamo parlando di una struttura di vitale importanza per la comunit\u00e0 locale, che ha visto salvarsi un pezzo della sua storia industriale&#8221;, dichiara in una nota l&#8217;esponente di FdI.<\/p>\n<p style=\"text-align: justify;\">Tiero ritiene &#8220;urgente intervenire per salvaguardare la tenuta occupazionale del sito. Dobbiamo creare una sinergia per trovare una soluzione. Mi faccio portavoce delle istanze dei dipendenti e credo che la Regione Lazio certamente non far\u00e0 mancare il suo contributo. Personalmente lavorer\u00f2 per favorire un incontro tra dipendenti e nuova propriet\u00e0. Occorre innanzitutto garantire il mantenimento dei posti di lavoro. Se necessario, istituiremo un tavolo di confronto fra le parti. Sono realt\u00e0 floride che oltre a dare importante occupazione danno lustro a questa porzione del territorio provinciale e regionale. Sono convinto che le 2 realt\u00e0 troveranno un punto d&#8217;incontro&#8221;.<\/p>\n<p style=\"text-align: justify;\">&#8220;Pi\u00f9 in generale\u00a0 &#8211; aggiunge &#8211; ritengo concentrare i nostri sforzi anche sull\u2019ingresso della provincia di Latina nella Zes unica (Zona Economica Speciale). Il Basso Lazio confina con un\u2019area che ne andr\u00e0 a beneficiare di tante agevolazioni sul piano economico e fiscale. Si creeranno, pertanto, condizioni di concorrenza molto forti che potrebbero portare ad accentuare un processo di delocalizzazione di imprese che, a distanza di pochi chilometri, avrebbero l\u2019opportunit\u00e0 di vantaggi competitivi rilevanti, come gi\u00e0 avvenuto con la Cassa del Mezzogiorno fino all\u2019inizio degli anni \u201990. Ci\u00f2 andr\u00e0 ad impoverire ulteriormente un tessuto economico gi\u00e0 in difficolt\u00e0. Non possiamo permettere la fuga di aziende verso altri lidi. Diventa quindi fondamentale un intervento affinch\u00e9 il nostro territorio possa entrare nella Zes. Insieme al collega Daniele Maura ho promosso una mozione che va in questa direzione e che spero venga discussa gi\u00e0 durante la prossima seduta del Consiglio regionale del Lazio\u201d.<\/p>\n<p>&nbsp;<\/p>\n","protected":false},"excerpt":{"rendered":"<p>SS Cosma e Damiano &#8211; Ha incontrato i lavoratori della cooperativa Mancoop, il presidente della commissione Sviluppo economico e Attivit\u00e0 produttive del Consiglio regionale del Lazio, Enrico Tiero. &#8220;Un marchio importante\u00a0 &#8211; spiega &#8211; che ha continuato a mantenere attivo lo storico stabilimento ex Manuli di SS Cosma e Damiano da circa 12 anni attraverso [&hellip;]<\/p>\n","protected":false},"author":62,"featured_media":338349,"comment_status":"open","ping_status":"open","sticky":false,"template":"","format":"standard","meta":{"footnotes":""},"categories":[11,2428],"tags":[],"class_list":["post-338348","post","type-post","status-publish","format-standard","has-post-thumbnail","hentry","category-economia","category-primo-piano"],"_links":{"self":[{"href":"https:\/\/www.radioluna.it\/news\/wp-json\/wp\/v2\/posts\/338348","targetHints":{"allow":["GET"]}}],"collection":[{"href":"https:\/\/www.radioluna.it\/news\/wp-json\/wp\/v2\/posts"}],"about":[{"href":"https:\/\/www.radioluna.it\/news\/wp-json\/wp\/v2\/types\/post"}],"author":[{"embeddable":true,"href":"https:\/\/www.radioluna.it\/news\/wp-json\/wp\/v2\/users\/62"}],"replies":[{"embeddable":true,"href":"https:\/\/www.radioluna.it\/news\/wp-json\/wp\/v2\/comments?post=338348"}],"version-history":[{"count":2,"href":"https:\/\/www.radioluna.it\/news\/wp-json\/wp\/v2\/posts\/338348\/revisions"}],"predecessor-version":[{"id":338351,"href":"https:\/\/www.radioluna.it\/news\/wp-json\/wp\/v2\/posts\/338348\/revisions\/338351"}],"wp:featuredmedia":[{"embeddable":true,"href":"https:\/\/www.radioluna.it\/news\/wp-json\/wp\/v2\/media\/338349"}],"wp:attachment":[{"href":"https:\/\/www.radioluna.it\/news\/wp-json\/wp\/v2\/media?parent=338348"}],"wp:term":[{"taxonomy":"category","embeddable":true,"href":"https:\/\/www.radioluna.it\/news\/wp-json\/wp\/v2\/categories?post=338348"},{"taxonomy":"post_tag","embeddable":true,"href":"https:\/\/www.radioluna.it\/news\/wp-json\/wp\/v2\/tags?post=338348"}],"curies":[{"name":"wp","href":"https:\/\/api.w.org\/{rel}","templated":true}]}}