{"id":338375,"date":"2023-10-13T16:21:21","date_gmt":"2023-10-13T14:21:21","guid":{"rendered":"https:\/\/www.radioluna.it\/news\/?p=338375"},"modified":"2023-10-13T16:21:21","modified_gmt":"2023-10-13T14:21:21","slug":"passeggiata-del-fair-play-a-latina-sabato-14","status":"publish","type":"post","link":"https:\/\/www.radioluna.it\/news\/2023\/10\/passeggiata-del-fair-play-a-latina-sabato-14\/","title":{"rendered":"Passeggiata del Fair Play a Latina sabato 14"},"content":{"rendered":"<div id=\"fb-root\"><\/div>\n<p style=\"text-align: justify;\"><strong>LATINA &#8211;<\/strong> La Settimana Europea dello Sport, EWOS 2023, lanciata dall&#8217;Unione Europea accompagnata dalla campagna #BeActive, si \u00e8 tenuta in tutta Europa dal 23 al 30 settembre con l&#8217;obiettivo di incoraggiare alla pratica sportiva e all&#8217;attivit\u00e0 fisica. Il Comune di Latina non ha voluto mancare un appuntamento cos\u00ec importante per la citt\u00e0, aderendo ufficialmente alla campagna per promuovere il benessere psico-fisico dei cittadini tramite lo sport e incoraggiando la realizzazione di eventi ludico sportivi e culturali grazie alle proposte pervenute da varie realt\u00e0 del territorio: associazioni sportive dilettantistiche, societ\u00e0 sportive dilettantistiche, federazioni, enti di promozione sportiva, associazioni benemerite, palestre, circoli sportivi.<\/p>\n<p style=\"text-align: justify;\">\u201cAbbiamo deciso \u2013 ha dichiarato l\u2019assessore allo Sport Andrea Chiarato &#8211; di rimarcare ulteriormente l\u2019importanza di tale appuntamento e i concetti di eticit\u00e0 legati allo sport, includendo e patrocinando nel programma come evento conclusivo la \u2018Passeggiata del Far Play e dell\u2019inclusione\u2019 giunta alla sua terza edizione. Per il terzo anno consecutivo il Panathlon Club di Latina e la Fondazione Varaldo Di Pietro promuovono una passeggiata tra i due monumenti realizzati e donati alla comunit\u00e0 con il preciso intento di rimarcare il principio che i due simboli rappresentano. La \u2018Passeggiata del Fair Play e dell\u2019inclusione\u2019 vuole essere, quindi, un ideale filo tra due punti che in forma simbolica materializzano i principi cardine dello sport: eticit\u00e0 ed inclusione. Per tale motivo si \u00e8 scelto di porla come evento conclusivo e di sintesi della Settimana Europea dello Sport. L\u2019appuntamento \u2013 ha concluso l\u2019assessore &#8211; \u00e8 per sabato 14 ottobre, alle ore 9 presso Largo del Fair Play e la passeggiata \u00e8 aperta a tutti: bambini, giovani sportivi, adulti, anziani, diversamente abili, per imparare a stare insieme e rafforzare i principi di solidariet\u00e0, inclusione, amicizia e, in una parola, Fair Play\u201d.<\/p>\n","protected":false},"excerpt":{"rendered":"<p>LATINA &#8211; La Settimana Europea dello Sport, EWOS 2023, lanciata dall&#8217;Unione Europea accompagnata dalla campagna #BeActive, si \u00e8 tenuta in tutta Europa dal 23 al 30 settembre con l&#8217;obiettivo di incoraggiare alla pratica sportiva e all&#8217;attivit\u00e0 fisica. Il Comune di Latina non ha voluto mancare un appuntamento cos\u00ec importante per la citt\u00e0, aderendo ufficialmente alla [&hellip;]<\/p>\n","protected":false},"author":60,"featured_media":335842,"comment_status":"open","ping_status":"open","sticky":false,"template":"","format":"standard","meta":{"footnotes":""},"categories":[16,734],"tags":[],"class_list":["post-338375","post","type-post","status-publish","format-standard","has-post-thumbnail","hentry","category-appuntamenti","category-evidenza"],"_links":{"self":[{"href":"https:\/\/www.radioluna.it\/news\/wp-json\/wp\/v2\/posts\/338375","targetHints":{"allow":["GET"]}}],"collection":[{"href":"https:\/\/www.radioluna.it\/news\/wp-json\/wp\/v2\/posts"}],"about":[{"href":"https:\/\/www.radioluna.it\/news\/wp-json\/wp\/v2\/types\/post"}],"author":[{"embeddable":true,"href":"https:\/\/www.radioluna.it\/news\/wp-json\/wp\/v2\/users\/60"}],"replies":[{"embeddable":true,"href":"https:\/\/www.radioluna.it\/news\/wp-json\/wp\/v2\/comments?post=338375"}],"version-history":[{"count":0,"href":"https:\/\/www.radioluna.it\/news\/wp-json\/wp\/v2\/posts\/338375\/revisions"}],"wp:featuredmedia":[{"embeddable":true,"href":"https:\/\/www.radioluna.it\/news\/wp-json\/wp\/v2\/media\/335842"}],"wp:attachment":[{"href":"https:\/\/www.radioluna.it\/news\/wp-json\/wp\/v2\/media?parent=338375"}],"wp:term":[{"taxonomy":"category","embeddable":true,"href":"https:\/\/www.radioluna.it\/news\/wp-json\/wp\/v2\/categories?post=338375"},{"taxonomy":"post_tag","embeddable":true,"href":"https:\/\/www.radioluna.it\/news\/wp-json\/wp\/v2\/tags?post=338375"}],"curies":[{"name":"wp","href":"https:\/\/api.w.org\/{rel}","templated":true}]}}