{"id":338382,"date":"2023-10-13T16:55:13","date_gmt":"2023-10-13T14:55:13","guid":{"rendered":"https:\/\/www.radioluna.it\/news\/?p=338382"},"modified":"2023-10-13T16:55:13","modified_gmt":"2023-10-13T14:55:13","slug":"calcio-a-5-arrivato-il-giorno-del-debutto-per-il-latina-sport-academy","status":"publish","type":"post","link":"https:\/\/www.radioluna.it\/news\/2023\/10\/calcio-a-5-arrivato-il-giorno-del-debutto-per-il-latina-sport-academy\/","title":{"rendered":"Calcio a 5, arrivato il giorno del debutto per il Latina Sport Academy"},"content":{"rendered":"<div id=\"fb-root\"><\/div>\n<p style=\"font-weight: 400; text-align: justify;\"><strong>LATINA &#8211;<\/strong> E\u2019 arrivato il momento tanto atteso per il Latina Sport Academy. Domani (sabato 14 ottobre) alle 18 il club nerazzurro far\u00e0 il suo debutto nel prestigioso palcoscenico della serie B nazionale maschile di calcio a 5 e muover\u00e0 i suoi primi passi ufficiali nella location pi\u00f9 ambita e pi\u00f9 rappresentativa, il PalaBianchini. Avversari di turno di capitan Chinchio e compagni saranno i Leoni Acerra, formazione di categoria con diversi elementi di spessore tra le sue file. La squadra pontina ha lavorato a lungo per preparare a dovere l\u2019esordio in campionato: dal raduno estivo, scattato lo scorso 28 agosto, mister Andrea Bruzzese ha voluto vedere all\u2019opera il suo gruppo in diversi test, rivelatisi estremamente preziosi per creare il giusto amalgama e per acquisire schemi e meccanismi tattici. L\u2019ultima amichevole, in particolare, \u00e8 stata un importante banco di prova: si \u00e8 giocato il 6 ottobre al PalaLavinium contro la quotata Fortitudo Pomezia, candidata a recitare un ruolo da protagonista nella massima serie, e il Latina Sport Academy ha ben figurato mettendo in mostra un\u2019apprezzabile compattezza e delle ottime trame di gioco. Tutto questo dovr\u00e0 essere messo in pratica domani, potendo contare magari sull\u2019apporto del pubblico, agevolato anche dall\u2019ingresso libero: una formazione che rappresenta la citt\u00e0 e ne indossa i suoi colori attende una grande risposta degli spalti nel giorno della sua prima ribalta di caratura nazionale.<\/p>\n<p style=\"font-weight: 400; text-align: justify;\">Dello stesso avviso si \u00e8 detto Andrea Bruzzese, al suo esordio come mister in una competizione che in passato lo ha visto protagonista come calciatore:<\/p>\n<p style=\"font-weight: 400; text-align: justify;\">\u201cGiochiamo con i colori della nostra citt\u00e0 e ci aspettiamo un caloroso sostegno dagli spalti, in una cornice affascinante come quella del PalaBianchini. Vogliamo dimostrare di meritare tutto questo e non vediamo l\u2019ora di scendere in campo. Acerra \u00e8 un avversario tignoso con diversi elementi di valore, mi aspetto una gara agonisticamente intensa ma confido in una risposta di carattere da parte dei miei ragazzi: siamo una squadra giovane ma completa in ogni reparto e vogliamo prenderci le nostre soddisfazioni. Invitiamo tutti ad assistere alla partita, comprese le altre societ\u00e0 del nostro territorio\u201d.<\/p>\n","protected":false},"excerpt":{"rendered":"<p>LATINA &#8211; E\u2019 arrivato il momento tanto atteso per il Latina Sport Academy. Domani (sabato 14 ottobre) alle 18 il club nerazzurro far\u00e0 il suo debutto nel prestigioso palcoscenico della serie B nazionale maschile di calcio a 5 e muover\u00e0 i suoi primi passi ufficiali nella location pi\u00f9 ambita e pi\u00f9 rappresentativa, il PalaBianchini. Avversari [&hellip;]<\/p>\n","protected":false},"author":5430,"featured_media":0,"comment_status":"open","ping_status":"open","sticky":false,"template":"","format":"standard","meta":{"footnotes":""},"categories":[734,17],"tags":[],"class_list":["post-338382","post","type-post","status-publish","format-standard","hentry","category-evidenza","category-sport"],"_links":{"self":[{"href":"https:\/\/www.radioluna.it\/news\/wp-json\/wp\/v2\/posts\/338382","targetHints":{"allow":["GET"]}}],"collection":[{"href":"https:\/\/www.radioluna.it\/news\/wp-json\/wp\/v2\/posts"}],"about":[{"href":"https:\/\/www.radioluna.it\/news\/wp-json\/wp\/v2\/types\/post"}],"author":[{"embeddable":true,"href":"https:\/\/www.radioluna.it\/news\/wp-json\/wp\/v2\/users\/5430"}],"replies":[{"embeddable":true,"href":"https:\/\/www.radioluna.it\/news\/wp-json\/wp\/v2\/comments?post=338382"}],"version-history":[{"count":0,"href":"https:\/\/www.radioluna.it\/news\/wp-json\/wp\/v2\/posts\/338382\/revisions"}],"wp:attachment":[{"href":"https:\/\/www.radioluna.it\/news\/wp-json\/wp\/v2\/media?parent=338382"}],"wp:term":[{"taxonomy":"category","embeddable":true,"href":"https:\/\/www.radioluna.it\/news\/wp-json\/wp\/v2\/categories?post=338382"},{"taxonomy":"post_tag","embeddable":true,"href":"https:\/\/www.radioluna.it\/news\/wp-json\/wp\/v2\/tags?post=338382"}],"curies":[{"name":"wp","href":"https:\/\/api.w.org\/{rel}","templated":true}]}}