{"id":338419,"date":"2023-10-14T09:03:06","date_gmt":"2023-10-14T07:03:06","guid":{"rendered":"https:\/\/www.radioluna.it\/news\/?p=338419"},"modified":"2023-10-14T09:06:33","modified_gmt":"2023-10-14T07:06:33","slug":"giornata-della-consapevolezza-del-lutto-perinatale-lorologio-del-comune-diventa-blu","status":"publish","type":"post","link":"https:\/\/www.radioluna.it\/news\/2023\/10\/giornata-della-consapevolezza-del-lutto-perinatale-lorologio-del-comune-diventa-blu\/","title":{"rendered":"Giornata della consapevolezza del lutto perinatale, l\u2019orologio del Comune diventa blu"},"content":{"rendered":"<div id=\"fb-root\"><\/div>\n<p style=\"text-align: justify;\"><strong>LATINA &#8211;<\/strong>\u00a0Il Comune di Latina aderisce alla giornata dedicata alla perdita perinatale e neonatale, illuminando di blu l\u2019orologio della torre civica. L&#8217;iniziativa, che coinvolge molte donne e molte famiglie, si inserisce nell\u2019Ottobre Rosa, mese dedicato alla prevenzione del tumore al seno.<\/p>\n<p style=\"text-align: justify;\">Domenica 15 ottobre, subito dopo il tramonto, l\u2019orologio del Comune diventer\u00e0 blu fino al sorgere del sole, per poi tornare nella serata di luned\u00ec rosa fino alla fine del mese. Il 15 ottobre \u00e8 il Baby Loss Awareness Day. L\u2019aborto e la perdita perinatale riguardano una donna su quattro e 5 milioni sono i bambini nati morti ogni anno, nel mondo. L\u2019associazione Ciao Lapo, sostenuta dalle volontarie della Goccia Magica OdV, sensibilizza ogni giorno su questo tema ed ha chiesto ai comuni di mobilitarsi, illuminando un monumento della citt\u00e0.<\/p>\n<p style=\"text-align: justify;\">\u201cIl Comune di Latina vuole accendere la luce verso le famiglie che nel silenzio e nel buio affrontano il lutto perinatale. La luce blu rappresenta un segno di rispettosa vicinanza\u201d, ha dichiarato la prima cittadina Matilde Celentano.<\/p>\n","protected":false},"excerpt":{"rendered":"<p>LATINA &#8211;\u00a0Il Comune di Latina aderisce alla giornata dedicata alla perdita perinatale e neonatale, illuminando di blu l\u2019orologio della torre civica. L&#8217;iniziativa, che coinvolge molte donne e molte famiglie, si inserisce nell\u2019Ottobre Rosa, mese dedicato alla prevenzione del tumore al seno. Domenica 15 ottobre, subito dopo il tramonto, l\u2019orologio del Comune diventer\u00e0 blu fino al [&hellip;]<\/p>\n","protected":false},"author":62,"featured_media":246342,"comment_status":"open","ping_status":"open","sticky":false,"template":"","format":"standard","meta":{"footnotes":""},"categories":[8],"tags":[],"class_list":["post-338419","post","type-post","status-publish","format-standard","has-post-thumbnail","hentry","category-politica"],"_links":{"self":[{"href":"https:\/\/www.radioluna.it\/news\/wp-json\/wp\/v2\/posts\/338419","targetHints":{"allow":["GET"]}}],"collection":[{"href":"https:\/\/www.radioluna.it\/news\/wp-json\/wp\/v2\/posts"}],"about":[{"href":"https:\/\/www.radioluna.it\/news\/wp-json\/wp\/v2\/types\/post"}],"author":[{"embeddable":true,"href":"https:\/\/www.radioluna.it\/news\/wp-json\/wp\/v2\/users\/62"}],"replies":[{"embeddable":true,"href":"https:\/\/www.radioluna.it\/news\/wp-json\/wp\/v2\/comments?post=338419"}],"version-history":[{"count":1,"href":"https:\/\/www.radioluna.it\/news\/wp-json\/wp\/v2\/posts\/338419\/revisions"}],"predecessor-version":[{"id":338420,"href":"https:\/\/www.radioluna.it\/news\/wp-json\/wp\/v2\/posts\/338419\/revisions\/338420"}],"wp:featuredmedia":[{"embeddable":true,"href":"https:\/\/www.radioluna.it\/news\/wp-json\/wp\/v2\/media\/246342"}],"wp:attachment":[{"href":"https:\/\/www.radioluna.it\/news\/wp-json\/wp\/v2\/media?parent=338419"}],"wp:term":[{"taxonomy":"category","embeddable":true,"href":"https:\/\/www.radioluna.it\/news\/wp-json\/wp\/v2\/categories?post=338419"},{"taxonomy":"post_tag","embeddable":true,"href":"https:\/\/www.radioluna.it\/news\/wp-json\/wp\/v2\/tags?post=338419"}],"curies":[{"name":"wp","href":"https:\/\/api.w.org\/{rel}","templated":true}]}}