{"id":338442,"date":"2023-10-14T12:38:03","date_gmt":"2023-10-14T10:38:03","guid":{"rendered":"https:\/\/www.radioluna.it\/news\/?p=338442"},"modified":"2023-10-14T12:40:48","modified_gmt":"2023-10-14T10:40:48","slug":"il-pd-presenta-la-nuova-segreteria-politica-vecchi-e-nuovi-volti-sarubbo-essere-piu-presenti-e-competitivi","status":"publish","type":"post","link":"https:\/\/www.radioluna.it\/news\/2023\/10\/il-pd-presenta-la-nuova-segreteria-politica-vecchi-e-nuovi-volti-sarubbo-essere-piu-presenti-e-competitivi\/","title":{"rendered":"Il Pd presenta la nuova segreteria politica: vecchi e nuovi volti. Sarubbo: &#8220;Essere pi\u00f9 presenti e competitivi&#8221;"},"content":{"rendered":"<div id=\"fb-root\"><\/div>\n<p style=\"text-align: justify;\"><strong>LATINA\u00a0<\/strong> &#8211; Il Partito Democratico Provinciale rinnova la propria segreteria politica e gli incarichi esecutivi a distanza di un anno e mezzo dal congresso che chiuse la fase commissariale. Lo annuncia il segretario provinciale Omar Sarubbo in una nota. La Segreteria Politica sar\u00e0 composta da nove componenti: Salvatore Venditti, Daniela Fiore, Aura Contarino, Mauro Visari, Gennaro Ciaramella, Valeria Campagna, Andrea Calcagnini, Enrica Onorati\u00a0 e Paolo Rizzo. A questi si aggiungono quattro membri di diritto per funzione: il consigliere regionale Salvatore La Penna, il presidente dell\u2019assemblea provinciale PD Matteo Marcaccio, il capogruppo in consiglio provinciale Luca Magliozzi e il segretario provinciale dei Giovani Democratici Stefano Vanzini.<\/p>\n<p style=\"text-align: justify;\">&#8220;Siamo, dunque, in una nuova stagione che ci deve vedere pazientemente impegnati nella ridefinizione del profilo politico-identitario del PD e nella costruzione del nuovo centrosinistra in grado di competere con le destre conservatrici e populiste che, a tutti i livelli di governo, tradiscono ogni promessa fatta in campagna elettorale &#8211; dichiara Sarubbo &#8211; Una destra prigioniera dei propri slogan e alla perpetua ricerca di alibi e capri espiatori per giustificare l\u2019immobilismo in cui \u00e8 piombata. Una destra che nella nostra provincia possiede una filiera di eletti e nominati in Regione, nel Parlamento ed in Europa che non produce alcun risultato tangibile. Anzi, che genera evidenti danni: gestione maldestra del PNRR e definanziamento di molte opere pubbliche, fondi alla sanit\u00e0 privata e depotenziamento di quella pubblica, attacco agli ambiti territoriali per colpire l\u2019autogoverno locale di servizi fondamentali come lo smaltimento rifiuti ed il servizio idrico integrato, nessuna opera strategica in programma. Abbiamo dunque ritenuto fondamentale, in questo articolato scenario, rafforzare la nostra struttura per essere ancor pi\u00f9 presenti e competitivi nel territorio&#8221;.<\/p>\n<p style=\"text-align: justify;\">Assegnati anche gli incarichi esecutivi tematici, con delega ad operare su specifiche problematiche. &#8220;Un elenco di conferme, novit\u00e0 ed alcuni graditi ritorni che vede l\u2019ingresso di amministratori, rappresentanti di movimenti che hanno aderito recentemente al PD, giovani segretari di circolo e dirigenti locali, personalit\u00e0 con lunga esperienza di attivismo nel mondo associativo e sindacale&#8221;, aggiunge Sarubbo che con le dimissioni di Leonardo Majocchi \u00e8 ora chiamato a coordinare\u00a0 &#8211; contemporaneamente, ma temporaneamente dice\u00a0 &#8211; anche il<br \/>\npartito del capoluogo e che detta le parole d\u2019ordine per il futuro: &#8220;Dura opposizione, profilo popolare, ricostruzione&#8221;.<\/p>\n<p style=\"text-align: justify;\">Intanto il Pd lancia l&#8217;appuntamento del 20 ottobre quando arriver\u00e0 a Latina Nicola Zingaretti in una iniziativa pubblica all\u2019Hotel Europa intitolata \u201cUN ANNO DI GOVERNO MELONI, UN ANNO DI NULLA. L\u2019ITALIA \u00c8 PI\u00d9 INGIUSTA E PI\u00d9 POVERA\u201d. Un incontro preparatorio in vista della manifestazione nazionale dell\u201911 novembre e per ribadire i contenuti delle nostre battaglie per l\u2019Italia che sono state oggetto delle tante iniziative dell\u2019estete militante.<\/p>\n","protected":false},"excerpt":{"rendered":"<p>LATINA\u00a0 &#8211; Il Partito Democratico Provinciale rinnova la propria segreteria politica e gli incarichi esecutivi a distanza di un anno e mezzo dal congresso che chiuse la fase commissariale. Lo annuncia il segretario provinciale Omar Sarubbo in una nota. La Segreteria Politica sar\u00e0 composta da nove componenti: Salvatore Venditti, Daniela Fiore, Aura Contarino, Mauro Visari, [&hellip;]<\/p>\n","protected":false},"author":62,"featured_media":336206,"comment_status":"open","ping_status":"open","sticky":false,"template":"","format":"standard","meta":{"footnotes":""},"categories":[735,2428],"tags":[],"class_list":["post-338442","post","type-post","status-publish","format-standard","has-post-thumbnail","hentry","category-attualita","category-primo-piano"],"_links":{"self":[{"href":"https:\/\/www.radioluna.it\/news\/wp-json\/wp\/v2\/posts\/338442","targetHints":{"allow":["GET"]}}],"collection":[{"href":"https:\/\/www.radioluna.it\/news\/wp-json\/wp\/v2\/posts"}],"about":[{"href":"https:\/\/www.radioluna.it\/news\/wp-json\/wp\/v2\/types\/post"}],"author":[{"embeddable":true,"href":"https:\/\/www.radioluna.it\/news\/wp-json\/wp\/v2\/users\/62"}],"replies":[{"embeddable":true,"href":"https:\/\/www.radioluna.it\/news\/wp-json\/wp\/v2\/comments?post=338442"}],"version-history":[{"count":1,"href":"https:\/\/www.radioluna.it\/news\/wp-json\/wp\/v2\/posts\/338442\/revisions"}],"predecessor-version":[{"id":338443,"href":"https:\/\/www.radioluna.it\/news\/wp-json\/wp\/v2\/posts\/338442\/revisions\/338443"}],"wp:featuredmedia":[{"embeddable":true,"href":"https:\/\/www.radioluna.it\/news\/wp-json\/wp\/v2\/media\/336206"}],"wp:attachment":[{"href":"https:\/\/www.radioluna.it\/news\/wp-json\/wp\/v2\/media?parent=338442"}],"wp:term":[{"taxonomy":"category","embeddable":true,"href":"https:\/\/www.radioluna.it\/news\/wp-json\/wp\/v2\/categories?post=338442"},{"taxonomy":"post_tag","embeddable":true,"href":"https:\/\/www.radioluna.it\/news\/wp-json\/wp\/v2\/tags?post=338442"}],"curies":[{"name":"wp","href":"https:\/\/api.w.org\/{rel}","templated":true}]}}