{"id":338468,"date":"2023-10-16T14:04:19","date_gmt":"2023-10-16T12:04:19","guid":{"rendered":"https:\/\/www.radioluna.it\/news\/?p=338468"},"modified":"2023-10-17T13:44:29","modified_gmt":"2023-10-17T11:44:29","slug":"iniziati-i-lavori-di-ristrutturazione-della-torre-civica-di-sabaudia","status":"publish","type":"post","link":"https:\/\/www.radioluna.it\/news\/2023\/10\/iniziati-i-lavori-di-ristrutturazione-della-torre-civica-di-sabaudia\/","title":{"rendered":"Iniziati i lavori di ristrutturazione della Torre Civica di Sabaudia"},"content":{"rendered":"<div id=\"fb-root\"><\/div>\n<p style=\"text-align: justify;\"><strong>SABAUDIA\u00a0 &#8211;<\/strong> Sono iniziati i lavori di ristrutturazione della facciata del Palazzo comunale e della Torre civica di Sabaudia presentati in estate. L&#8217;incarico \u00e8 stato affidato alla ditta aggiudicataria che ha avviato il cantiere e dovr\u00e0 completare le opere previste entro e non oltre il 15 aprile, giorno dell\u2019anniversario dell\u2019inaugurazione della citt\u00e0. Per quella data il Palazzo Comunale sar\u00e0 riconsegnato alla Citt\u00e0.<br \/>\n\u201c\u00c8 con grande soddisfazione che annunciamo che sono iniziati i lavori di ristrutturazione \u2013 ha commentato il Sindaco Alberto Mosca -. Un intervento necessario e indispensabile dopo 90 anni. Appena si \u00e8 insediata l\u2019Amministrazione che mi pregio di guidare, ci siamo subito messi in movimento per raggiungere l\u2019obiettivo del restauro del prezioso Palazzo comunale e della Torre Civica. I Sabaudiani meritano una citt\u00e0 decorosa \u2013 ha concluso il Sindaco \u2013 e noi ci stiamo impegnando per curarne ogni minimo dettaglio. Il Palazzo comunale sar\u00e0 consegnato restaurato, cos\u00ec ci assicurano gli addetti ai lavori, entro il 15 aprile 2024, prima dei festeggiamenti in occasione dei 90 anni dall\u2019inaugurazione della Citt\u00e0\u201d.<\/p>\n<p style=\"text-align: justify;\">Per ottenere i fondi necessari al restauro del monumento simbolo di Sabaudia, il sindaco Alberto Mosca con l\u2019assessore all\u2019Urbanistica Vittorio Tomassetti aveva sensibilizzato il Ministero della Cultura, Direzione Generale Archeologia, Belle Arti e Paesaggio. Lo stanziamento complessivo arrivato dalla Soprintendenza per le province di Frosinone e Latina \u00e8 di 590 mila euro.<\/p>\n","protected":false},"excerpt":{"rendered":"<p>SABAUDIA\u00a0 &#8211; Sono iniziati i lavori di ristrutturazione della facciata del Palazzo comunale e della Torre civica di Sabaudia presentati in estate. L&#8217;incarico \u00e8 stato affidato alla ditta aggiudicataria che ha avviato il cantiere e dovr\u00e0 completare le opere previste entro e non oltre il 15 aprile, giorno dell\u2019anniversario dell\u2019inaugurazione della citt\u00e0. Per quella data [&hellip;]<\/p>\n","protected":false},"author":62,"featured_media":338469,"comment_status":"open","ping_status":"open","sticky":false,"template":"","format":"gallery","meta":{"footnotes":""},"categories":[735,734],"tags":[],"class_list":["post-338468","post","type-post","status-publish","format-gallery","has-post-thumbnail","hentry","category-attualita","category-evidenza","post_format-post-format-gallery"],"_links":{"self":[{"href":"https:\/\/www.radioluna.it\/news\/wp-json\/wp\/v2\/posts\/338468","targetHints":{"allow":["GET"]}}],"collection":[{"href":"https:\/\/www.radioluna.it\/news\/wp-json\/wp\/v2\/posts"}],"about":[{"href":"https:\/\/www.radioluna.it\/news\/wp-json\/wp\/v2\/types\/post"}],"author":[{"embeddable":true,"href":"https:\/\/www.radioluna.it\/news\/wp-json\/wp\/v2\/users\/62"}],"replies":[{"embeddable":true,"href":"https:\/\/www.radioluna.it\/news\/wp-json\/wp\/v2\/comments?post=338468"}],"version-history":[{"count":1,"href":"https:\/\/www.radioluna.it\/news\/wp-json\/wp\/v2\/posts\/338468\/revisions"}],"predecessor-version":[{"id":338471,"href":"https:\/\/www.radioluna.it\/news\/wp-json\/wp\/v2\/posts\/338468\/revisions\/338471"}],"wp:featuredmedia":[{"embeddable":true,"href":"https:\/\/www.radioluna.it\/news\/wp-json\/wp\/v2\/media\/338469"}],"wp:attachment":[{"href":"https:\/\/www.radioluna.it\/news\/wp-json\/wp\/v2\/media?parent=338468"}],"wp:term":[{"taxonomy":"category","embeddable":true,"href":"https:\/\/www.radioluna.it\/news\/wp-json\/wp\/v2\/categories?post=338468"},{"taxonomy":"post_tag","embeddable":true,"href":"https:\/\/www.radioluna.it\/news\/wp-json\/wp\/v2\/tags?post=338468"}],"curies":[{"name":"wp","href":"https:\/\/api.w.org\/{rel}","templated":true}]}}