{"id":338487,"date":"2023-10-16T15:56:02","date_gmt":"2023-10-16T13:56:02","guid":{"rendered":"https:\/\/www.radioluna.it\/news\/?p=338487"},"modified":"2023-10-16T15:56:02","modified_gmt":"2023-10-16T13:56:02","slug":"allomniart-opengallery-la-mostra-personale-di-marzia-giannini","status":"publish","type":"post","link":"https:\/\/www.radioluna.it\/news\/2023\/10\/allomniart-opengallery-la-mostra-personale-di-marzia-giannini\/","title":{"rendered":"All&#8217;OmniArt OpenGallery la mostra personale di Marzia Giannini"},"content":{"rendered":"<div id=\"fb-root\"><\/div>\n<p style=\"text-align: justify;\"><strong>LATINA &#8211;<\/strong> Continuano le mostre all\u2019OmniArt OpenGallery , la nuova galleria di Latina curata dall\u2019artista Marianna Scuderi. Marted\u00ec 17 ottobre, alle 18,30, nello spazio di via Legnano, 65 si terr\u00e0 l\u2019inaugurazione di Donna In-Perfetta, personale dell\u2019artista Marzia Giannini. Circa venti tele di grandi dimensioni racconteranno il percorso sulla figura della donna intrapreso da Marzia diversi anni fa e tuttora in fieri. Saranno soprattutto opere recenti a caratterizzare Donna In-perfetta, con l\u2019esposizione dei lavori figurativi di quest\u2019artista la cui produzione verte anche su un linguaggio astratto.<\/p>\n<p style=\"text-align: justify;\">Scrive la critica d\u2019arte Laura Cianfarani nel testo che accompagna la mostra:<\/p>\n<p style=\"text-align: justify;\">\u201cLa poetica di Marzia Giannini \u00e8 assai complessa, non tanto perch\u00e9 non sia dotata di un\u2019unitariet\u00e0 tematica, quanto perch\u00e9 la chiave principale delle sue opere, ossia la sessualit\u00e0, si esprime attraverso una pluralit\u00e0 di stili e si ramifica in un\u2019ampiezza di segni concettuali ed emotivi.<\/p>\n<p style=\"text-align: justify;\">Marzia si muove con disinvoltura da un\u2019espressione astratta, informale e gestuale, a una figurativa che a tratti sfocia in un iperrealismo dal sapore surreale, due linguaggi agli antipodi ma condotti dall\u2019artista a una sintesi magistrale. Sperimenta con fervore tecniche e materiali, olio, acrilico, smalti, gessi e terre su supporti pi\u00f9 disparati, da tele di lino, di juta, a pannelli mdf. Non ci troviamo di fronte a un\u2019artista eclettica ma, come accennato all\u2019inizio, complessa, cui piace dotare le proprie tele figurative di elementi astratti e materici. Al centro della sua ricerca \u00e8 la donna, una donna sensuale, sicura di s\u00e9, padrona delle proprie emozioni. Una donna libera da pregiudizi e che \u00e8 riuscita ad andare oltre i condizionamenti dettati dal giudizio per elevarsi in una realt\u00e0 superiore. Le sue figure, spesso, hanno gli occhi rivolti in alto, sembrano scrutare l\u2019osservatore ma a ben guardare sono immerse in una realt\u00e0 impalpabile, raggiunta grazie all\u2019affermazione di s\u00e9 e alla libert\u00e0 duramente conquistata. Le donne rappresentate in una realt\u00e0 idilliaca che sa di mito, questa realt\u00e0 l\u2019hanno ottenuta a suon di lotte interiori e contro eventi ostili, rinascono da battaglie conquistando un\u2019armonica sintonia con la natura e il mondo circostante. Hanno sub\u00ecto una metamorfosi che da bruco le ha trasformate in farfalla, hanno lottato contro i propri mostri e le brutture del mondo sino a rinascere come l\u2019araba fenice.<\/p>\n<p>La ricerca sulla materia e la matericit\u00e0 delle tele si pone in essere per approdare a una dimensione ultraterrena, dove la carne non deve pi\u00f9 vergognarsi ma si eleva come germinazione del Tutto. La sessualit\u00e0 non \u00e8 pornografia ma origine della vita, \u00e8 esempio di come si debba passare dalla terra per approdare in alto, ma sta anche l\u00ec a dirci che sesso e spirito non sono in contrapposizione, anzi l\u2019uno \u00e8 complementare all\u2019altro, dove il primo \u00e8 principio, \u00e8 porta da cui esce la vita e il secondo \u00e8 purezza, e compenetrandosi danno origine a quel meraviglioso mistero che \u00e8 la vita\u201d.<\/p>\n<p>Insieme alla mostra della Giannini, sar\u00e0 visitabile l\u2019esposizione permanente di Salvatore Baylon e Marianna Scuderi.<\/p>\n<p>Durante la serata di Halloween, marted\u00ec 31 ottobre alle 18,30, in galleria si terr\u00e0 l\u2019aperitivo artistico, ormai appuntamento fisso dei finissage. L\u2019evento \u00e8 organizzato in collaborazione con \u201cPB-Per bere. Vino e distillati\u201d, enoteca di Piazza della Libert\u00e0, 41, con cui l\u2019OmniArt ha avviato una partnership.<\/p>\n<p>&nbsp;<\/p>\n<p>A cura di Marianna Scuderi<\/p>\n<p>Inaugurazione: marted\u00ec 17 ottobre ore 18,30<\/p>\n<p>Finissage: aperitivo Art Halloween marted\u00ec 31 ottobre ore 18,30<\/p>\n<p>Sede: OmniArt OpenGallery, via Legnano, 65 &#8211; Latina<\/p>\n<p>Orari di apertura: dal marted\u00ec al venerd\u00ec 16,00-20,00. Sabato 10,00-14,00. Domenica e luned\u00ec chiuso.<\/p>\n<p>Info 338.228.5649 \u2013 segreteriaomniart@gmail.com<\/p>\n","protected":false},"excerpt":{"rendered":"<p>LATINA &#8211; Continuano le mostre all\u2019OmniArt OpenGallery , la nuova galleria di Latina curata dall\u2019artista Marianna Scuderi. Marted\u00ec 17 ottobre, alle 18,30, nello spazio di via Legnano, 65 si terr\u00e0 l\u2019inaugurazione di Donna In-Perfetta, personale dell\u2019artista Marzia Giannini. Circa venti tele di grandi dimensioni racconteranno il percorso sulla figura della donna intrapreso da Marzia diversi [&hellip;]<\/p>\n","protected":false},"author":60,"featured_media":0,"comment_status":"open","ping_status":"open","sticky":false,"template":"","format":"standard","meta":{"footnotes":""},"categories":[16],"tags":[],"class_list":["post-338487","post","type-post","status-publish","format-standard","hentry","category-appuntamenti"],"_links":{"self":[{"href":"https:\/\/www.radioluna.it\/news\/wp-json\/wp\/v2\/posts\/338487","targetHints":{"allow":["GET"]}}],"collection":[{"href":"https:\/\/www.radioluna.it\/news\/wp-json\/wp\/v2\/posts"}],"about":[{"href":"https:\/\/www.radioluna.it\/news\/wp-json\/wp\/v2\/types\/post"}],"author":[{"embeddable":true,"href":"https:\/\/www.radioluna.it\/news\/wp-json\/wp\/v2\/users\/60"}],"replies":[{"embeddable":true,"href":"https:\/\/www.radioluna.it\/news\/wp-json\/wp\/v2\/comments?post=338487"}],"version-history":[{"count":0,"href":"https:\/\/www.radioluna.it\/news\/wp-json\/wp\/v2\/posts\/338487\/revisions"}],"wp:attachment":[{"href":"https:\/\/www.radioluna.it\/news\/wp-json\/wp\/v2\/media?parent=338487"}],"wp:term":[{"taxonomy":"category","embeddable":true,"href":"https:\/\/www.radioluna.it\/news\/wp-json\/wp\/v2\/categories?post=338487"},{"taxonomy":"post_tag","embeddable":true,"href":"https:\/\/www.radioluna.it\/news\/wp-json\/wp\/v2\/tags?post=338487"}],"curies":[{"name":"wp","href":"https:\/\/api.w.org\/{rel}","templated":true}]}}