{"id":338505,"date":"2023-10-16T17:12:14","date_gmt":"2023-10-16T15:12:14","guid":{"rendered":"https:\/\/www.radioluna.it\/news\/?p=338505"},"modified":"2023-10-16T17:52:16","modified_gmt":"2023-10-16T15:52:16","slug":"al-via-la-stagione-teatrale-del-teatro-ariston-di-gaeta-si-comincia-con-peppe-barra","status":"publish","type":"post","link":"https:\/\/www.radioluna.it\/news\/2023\/10\/al-via-la-stagione-teatrale-del-teatro-ariston-di-gaeta-si-comincia-con-peppe-barra\/","title":{"rendered":"Al via la Stagione Teatrale del Teatro Ariston: si comincia con Peppe Barra\u00a0"},"content":{"rendered":"<div id=\"fb-root\"><\/div>\n<p style=\"text-align: justify;\"><strong>GAETA &#8211;<\/strong> Al via la nuova Stagione di prosa dello storico teatro Ariston di Gaeta, nata dalla collaborazione tra il Comune di Gaeta, l\u2019ATCL Circuito multidisciplinare dello spettacolo dal vivo del Lazio, sostenuto da MIC \u2013 Ministero della Cultura e Regione Lazio, e il Cinema Teatro Ariston. Un progetto culturale articolato rivolto a varie tipologie di pubblico, dagli appuntamenti per famiglie, a spettacoli rivolti al mondo della scuola e una prestigiosa stagione di prosa con sette spettacoli serali, di cui uno fuori abbonamento, proposti da dicembre 2023 ad aprile 2024, con grandi nomi del panorama teatrale italiano, artisti autori e nuova drammaturgia.<\/p>\n<p style=\"text-align: justify;\">Si comincia con uno spettacolo in <strong>fuori abbonamento<\/strong>.\u00a0<strong>Marted\u00ec 12 dicembre 2023, alle ore 21.00 Peppe Barra\u00a0presenta\u00a0\u201cLa Cantata dei pastori\u201d,<\/strong>\u00a0uno spettacolo antico, frutto di secoli di devozione, ma sempre di rara suggestione, \u201cnatalizio\u201d nel senso pi\u00f9 sacro, ma anche comico e popolare dove la rivisitazione della Nativit\u00e0 attraversa la lingua e la storia della citt\u00e0 di Napoli.<\/p>\n<p style=\"text-align: justify;\">La stagione in abbonamento del Teatro Ariston avr\u00e0 inizio\u00a0<strong>il\u00a016 gennaio 2024 ore 21.00\u00a0con\u00a0Enzo Decaro\u00a0<\/strong>nella tragedia tutta da ridere, scritta da <strong>Peppino De Filippo\u00a0\u201cNon \u00e8 vero ma ci credo\u201d<\/strong>,\u00a0in cui si raccontano i perenni incubi dell\u2019avarissimo imprenditore Gervasio Savastano che crede di essere vittima della iettatura.<\/p>\n<p style=\"text-align: justify;\"><strong>\u201cLa strana coppia\u201d<\/strong>\u00a0\u00e8 uno dei testi pi\u00f9 famosi di Neil Simon da cui fu tratto l\u2019indimenticabile film con Jack Lemmon e Walter Matthau. Felix e Oscar, accomunati da un divorzio alle spalle, decidono di andare a vivere insieme in un appartamento a New York. Questo incontro &#8211; scontro quotidiano dar\u00e0 vita a continue ed esilaranti gag garantendo sicuro divertimento nella versione teatrale proposta e interpretata da l\u2019\u201cinedita\u201d coppia\u00a0<strong>Gianluca Guidi\u00a0e\u00a0Giampiero Ingrassia\u00a0luned\u00ec 12 febbraio 2024 ore 21.00<\/strong>.<\/p>\n<p style=\"text-align: justify;\">Tratto dal film campione d\u2019incassi di Eric Toledano e Olivier Nakache, una storia importante di amicizia e di speranza interpretata da\u00a0<strong>Massimo Ghini\u00a0e\u00a0Paolo Ruffini. In\u00a0\u201cQuasi Amici\u201d<\/strong>, in scena<strong>\u00a0marted\u00ec 5 marzo alle ore 21.00<\/strong>\u00a0interpretano rispettivamente i ruoli di un uomo agiato, colto e affascinante che il destino condanna all\u2019immobilit\u00e0 e di un ragazzo della periferia, cresciuto sulla strada, sveglio e intraprendente. Questi due uomini si incontrano per caso e diventeranno indispensabili l\u2019uno per l\u2019altro, riscoprendo la meraviglia della vita.<img loading=\"lazy\" decoding=\"async\" class=\"size-full wp-image-338509 alignright\" src=\"https:\/\/www.radioluna.it\/news\/wp-content\/uploads\/2023\/10\/LOCANDINA.jpg\" alt=\"\" width=\"417\" height=\"600\" \/><\/p>\n<p style=\"text-align: justify;\"><strong>Venerd\u00ec 15 marzo ore 21.00, Paolo Caiazzo\u00a0con la sua compagnia presenta\u00a0\u201cSeparati\u2026ma non troppo<\/strong>\u201d, scritto con Francesco Procopio. La pi\u00e8ce racconta le vicende di Giulio e Nicola. Il nuovo stile di vita rende i due amici affiatati e complici nell\u2019affrontare le ex compagne, ma un incontro al buio scatener\u00e0 tra i due confusione, rivalit\u00e0 e ritrovata gelosia.<\/p>\n<p style=\"text-align: justify;\">Si prosegue\u00a0<strong>marted\u00ec 2 aprile 2024\u00a0con\u00a0Enzo Iachetti\u00a0e\u00a0Vittoria Belvedere\u00a0in\u00a0\u201cBloccati dalla neve\u201d\u00a0di Peter Quilter<\/strong>. Una violentissima tempesta di neve costringe Patrick, un uomo di mezza et\u00e0 e Judith, sua vicina di casa ad una quarantena forzata. Lo scontro \u00e8 inevitabile, un\u2019altalena di litigi furibondi a folli risate. Riusciranno Patrick e Judith a trovare dei punti in comune? Diventeranno amici, nonostante tutto, anche dopo la fine della tempesta di neve?<\/p>\n<p style=\"text-align: justify;\"><strong>La stagione di prosa del teatro Ariston si concluder\u00e0 il\u00a023 aprile alle 21.00\u00a0con\u00a0\u201cO Tello, o\u2026io\u201d\u00a0con\u00a0Francesco Paolantoni, Stefano Sarcinelli, Susy Del Giudice, Fabio Balsamo, Arduino Speranza.<\/strong> Le disavventure di una compagnia amatoriale alla vigilia di un debutto che si prepara a mettere in scena \u201cOtello\u201d. Tra deliranti discussioni tra gli attori e la disperazione per l\u2019improvvisa defezione dell\u2019attore protagonista, si arriva ad una sofferta decisione: sar\u00e0 proprio il regista ad interpretare Otello, senza conoscerne la parte\u2026<\/p>\n<p style=\"text-align: justify;\">Il cartellone per il teatro scuola e il teatro famiglie, realizzato in collaborazione con il\u00a0Teatro Bertolt Brecht, propone gli appuntamenti dedicati ai pi\u00f9 piccoli con due rassegne.<\/p>\n<p style=\"text-align: justify;\"><strong>Il teatro per famiglie<\/strong>\u00a0prevede tre spettacoli che sapranno coinvolgere e appassionare il giovane pubblico con rielaborazioni di grandi classici letterari del mondo dell\u2019infanzia. Sabato\u00a020 gennaio\u00a02024\u00a0&#8211; ore 17.00, la Compagnia Molino d\u2019Arte &#8211; Altamura presenta\u00a0Peter Pan,\u00a0rivisitazione del celebre personaggio\u00a0di J. M. Barrie\u00a0che racconta\u00a0una storia senza tempo in cui adulti e bambini si ritroveranno festosi, e di cui si sentir\u00e0\u00a0il desiderio di continuare a parlare. Secondo appuntamento con\u00a0\u201cIl Mago di Oz\u201d\u00a0del Teatro Bertolt Brecht di Formia, in scena sabato\u00a024 febbraio alle ore 17.00.\u00a0Liberamente ispirato al romanzo di Frank Baum, pubblicato nel 1900, dal quale fu tratto il famoso film del 1932 THE WIZARD OF OZ, lo spettacolo IL MAGO DI OZ ripercorre tutte le tappe del fantastico viaggio di Dorothy. L\u2019ultimo appuntamento del Teatro per Famiglia \u00e8 previsto\u00a0sabato 23 marzo\u00a0sempre alle\u00a017.00\u00a0con la Compagnia dei Guardiani dell\u2019Oca di Chieti con\u00a0\u201cBiancaneve\u201d,\u00a0favola eterna in una nuova e suggestiva rivisitazione musicale.<\/p>\n<p style=\"text-align: justify;\">Grande attenzione alle giovani generazioni, con la rassegna <strong>\u201cLa scuola va a teatro\u201d<\/strong> per riavvicinare i bambini al mondo teatrale e alla creazione scenica. Dopo il grande successo dello scorso anno, torna l\u2019evento di Natale, gioved\u00ec\u00a07 dicembre 2023, con\u00a0\u201cGennarino nel paese di Natale\u201d\u00a0de La mansarda di Caserta. Lo spettacolo nasce dalle mille domande che si pongono i bimbi su Babbo Natale e la sua magica consegna dei doni. Evento speciale per la Giornata della Memoria\u00a0giovedi 18 gennaio 2024\u00a0con\u00a0\u201cGli ebrei di Schindler\u201d\u00a0de La Mansarda di Caserta, spettacolo liberamente tratto dal romanzo di Thomas Kenneally, da cui Steven Spielberg ha tratto il suo celebre film. Chiude la rassegna di Teatro Scuola\u00a0\u201cScuola di magia\u201d\u00a0con il Teatro Verde di Roma, in scena il\u00a028 febbraio 2024. Una fiaba moderna che ha come protagonisti due maghetti pasticcioni che ci fanno riflettere sulla necessit\u00e0 di avere fiducia in s\u00e9 stessi e scoprire il proprio talento.<\/p>\n<p style=\"text-align: justify;\">Info:\u00a0Teatro Ariston Gaeta &#8211; Piazza della Libert\u00e0 19 04024 &#8211; tel. 0771463067 &#8211; 351 6464100<br \/>\nwww.aristongaeta.it\u00a0&#8211;\u00a0cineariston@libero.it<\/p>\n<p>&nbsp;<\/p>\n","protected":false},"excerpt":{"rendered":"<p>GAETA &#8211; Al via la nuova Stagione di prosa dello storico teatro Ariston di Gaeta, nata dalla collaborazione tra il Comune di Gaeta, l\u2019ATCL Circuito multidisciplinare dello spettacolo dal vivo del Lazio, sostenuto da MIC \u2013 Ministero della Cultura e Regione Lazio, e il Cinema Teatro Ariston. Un progetto culturale articolato rivolto a varie tipologie [&hellip;]<\/p>\n","protected":false},"author":62,"featured_media":338508,"comment_status":"open","ping_status":"open","sticky":false,"template":"","format":"standard","meta":{"footnotes":""},"categories":[16,734],"tags":[],"class_list":["post-338505","post","type-post","status-publish","format-standard","has-post-thumbnail","hentry","category-appuntamenti","category-evidenza"],"_links":{"self":[{"href":"https:\/\/www.radioluna.it\/news\/wp-json\/wp\/v2\/posts\/338505","targetHints":{"allow":["GET"]}}],"collection":[{"href":"https:\/\/www.radioluna.it\/news\/wp-json\/wp\/v2\/posts"}],"about":[{"href":"https:\/\/www.radioluna.it\/news\/wp-json\/wp\/v2\/types\/post"}],"author":[{"embeddable":true,"href":"https:\/\/www.radioluna.it\/news\/wp-json\/wp\/v2\/users\/62"}],"replies":[{"embeddable":true,"href":"https:\/\/www.radioluna.it\/news\/wp-json\/wp\/v2\/comments?post=338505"}],"version-history":[{"count":4,"href":"https:\/\/www.radioluna.it\/news\/wp-json\/wp\/v2\/posts\/338505\/revisions"}],"predecessor-version":[{"id":338524,"href":"https:\/\/www.radioluna.it\/news\/wp-json\/wp\/v2\/posts\/338505\/revisions\/338524"}],"wp:featuredmedia":[{"embeddable":true,"href":"https:\/\/www.radioluna.it\/news\/wp-json\/wp\/v2\/media\/338508"}],"wp:attachment":[{"href":"https:\/\/www.radioluna.it\/news\/wp-json\/wp\/v2\/media?parent=338505"}],"wp:term":[{"taxonomy":"category","embeddable":true,"href":"https:\/\/www.radioluna.it\/news\/wp-json\/wp\/v2\/categories?post=338505"},{"taxonomy":"post_tag","embeddable":true,"href":"https:\/\/www.radioluna.it\/news\/wp-json\/wp\/v2\/tags?post=338505"}],"curies":[{"name":"wp","href":"https:\/\/api.w.org\/{rel}","templated":true}]}}