{"id":338512,"date":"2023-10-16T17:30:54","date_gmt":"2023-10-16T15:30:54","guid":{"rendered":"https:\/\/www.radioluna.it\/news\/?p=338512"},"modified":"2023-10-17T15:28:18","modified_gmt":"2023-10-17T13:28:18","slug":"a-terracina-in-46mila-senzacqua-il-18-ottobre","status":"publish","type":"post","link":"https:\/\/www.radioluna.it\/news\/2023\/10\/a-terracina-in-46mila-senzacqua-il-18-ottobre\/","title":{"rendered":"A Terracina in 46mila senz&#8217;acqua il 18 ottobre"},"content":{"rendered":"<div id=\"fb-root\"><\/div>\n<p style=\"text-align: justify;\"><strong>TERRACINA &#8211; <\/strong>Mercoled\u00ec 18 ottobre 46mila cittadini di Terracina resteranno senza acqua a causa di lavori di ammodernamento delle due condotte adduttrici che servo la citt\u00e0. A fine orario scolastico\u00a0 scatter\u00e0 la sospensione idrica:<strong> dalle 15:00 fino alle 02 di gioved\u00ec 19.<\/strong> I tecnici interverranno con tre diverse squadre: &#8220;Sulla <strong>condotta in prossimit\u00e0 di Punta Leano<\/strong> verr\u00e0 realizzata una nuova camera di manovra per il miglioramento della gestione del sistema di adduzione idrico;\u00a0 <strong>sull\u2019adduttrice tra Appia Antica e Appia Nuova<\/strong> verranno sostituiti circa 200 metri di condotta. I lavori garantiranno il recupero di circa 300mila metri cubi di acqua annui, a favore degli oltre 46mila cittadini di Terracina&#8221;, spiega il gestore idrico.<\/p>\n<p style=\"text-align: justify;\">Otto le autobotti che saranno in funzione sul territorio comunale.<\/p>\n<p style=\"text-align: justify;\">&#8220;Nell\u2019ATO4-Lazio Meridionale \u00e8 in corso da tempo, con le risorse a disposizione nel Piano degli Investimenti derivanti dalla tariffa, un\u2019attivit\u00e0 finalizzata al potenziamento dell\u2019intero sistema idrico e all\u2019innalzamento della sua resilienza, anche a fronte di forti e improvvise emergenze, con diverse attivit\u00e0. Tra queste, il recupero delle perdite idriche si attesta come il principale filone d\u2019intervento &#8211; aggiungono da Acqualatina &#8211;\u00a0La disponibilit\u00e0 di oltre 60 milioni di euro da fondi PNRR ha ora creato l\u2019opportunit\u00e0 per un forte potenziamento delle attivit\u00e0 gi\u00e0 in corso e per la realizzazione di attivit\u00e0 in attesa di copertura finanziaria nel Piano degli Investimenti dell\u2019Ato4-Lazio Meridionale. Di questi 60 milioni, oltre 40 sono utilizzati per la digitalizzazione e l\u2019ammodernamento delle reti, con il supporto di ulteriori 14 milioni derivanti da tariffa e Fondo per lo Sviluppo e la Coesione (FSC)&#8221;.<\/p>\n","protected":false},"excerpt":{"rendered":"<p>TERRACINA &#8211; Mercoled\u00ec 18 ottobre 46mila cittadini di Terracina resteranno senza acqua a causa di lavori di ammodernamento delle due condotte adduttrici che servo la citt\u00e0. A fine orario scolastico\u00a0 scatter\u00e0 la sospensione idrica: dalle 15:00 fino alle 02 di gioved\u00ec 19. I tecnici interverranno con tre diverse squadre: &#8220;Sulla condotta in prossimit\u00e0 di Punta [&hellip;]<\/p>\n","protected":false},"author":62,"featured_media":336958,"comment_status":"open","ping_status":"open","sticky":false,"template":"","format":"standard","meta":{"footnotes":""},"categories":[7,2428],"tags":[],"class_list":["post-338512","post","type-post","status-publish","format-standard","has-post-thumbnail","hentry","category-cronaca","category-primo-piano"],"_links":{"self":[{"href":"https:\/\/www.radioluna.it\/news\/wp-json\/wp\/v2\/posts\/338512","targetHints":{"allow":["GET"]}}],"collection":[{"href":"https:\/\/www.radioluna.it\/news\/wp-json\/wp\/v2\/posts"}],"about":[{"href":"https:\/\/www.radioluna.it\/news\/wp-json\/wp\/v2\/types\/post"}],"author":[{"embeddable":true,"href":"https:\/\/www.radioluna.it\/news\/wp-json\/wp\/v2\/users\/62"}],"replies":[{"embeddable":true,"href":"https:\/\/www.radioluna.it\/news\/wp-json\/wp\/v2\/comments?post=338512"}],"version-history":[{"count":2,"href":"https:\/\/www.radioluna.it\/news\/wp-json\/wp\/v2\/posts\/338512\/revisions"}],"predecessor-version":[{"id":338515,"href":"https:\/\/www.radioluna.it\/news\/wp-json\/wp\/v2\/posts\/338512\/revisions\/338515"}],"wp:featuredmedia":[{"embeddable":true,"href":"https:\/\/www.radioluna.it\/news\/wp-json\/wp\/v2\/media\/336958"}],"wp:attachment":[{"href":"https:\/\/www.radioluna.it\/news\/wp-json\/wp\/v2\/media?parent=338512"}],"wp:term":[{"taxonomy":"category","embeddable":true,"href":"https:\/\/www.radioluna.it\/news\/wp-json\/wp\/v2\/categories?post=338512"},{"taxonomy":"post_tag","embeddable":true,"href":"https:\/\/www.radioluna.it\/news\/wp-json\/wp\/v2\/tags?post=338512"}],"curies":[{"name":"wp","href":"https:\/\/api.w.org\/{rel}","templated":true}]}}