{"id":338525,"date":"2023-10-16T18:10:09","date_gmt":"2023-10-16T16:10:09","guid":{"rendered":"https:\/\/www.radioluna.it\/news\/?p=338525"},"modified":"2023-10-16T18:56:03","modified_gmt":"2023-10-16T16:56:03","slug":"latina-esclusa-dalla-zona-economica-speciale-mozione-dei-consiglieri-regionali-dem-al-presidente-rocca","status":"publish","type":"post","link":"https:\/\/www.radioluna.it\/news\/2023\/10\/latina-esclusa-dalla-zona-economica-speciale-mozione-dei-consiglieri-regionali-dem-al-presidente-rocca\/","title":{"rendered":"Latina fuori dalla Zona Economica Speciale, mozione dei consiglieri regionali Dem al presidente Rocca"},"content":{"rendered":"<div id=\"fb-root\"><\/div>\n<p style=\"text-align: justify;\"><strong>LATINA<\/strong> &#8211; Includere anche le province di Latina e Frosinone nella nuova Zona Economica Speciale. A chiederlo sono i consiglieri regionali dem Salvatore La Penna e Sara Battisti e il deputato Pd, Claudio Mancini.<\/p>\n<p style=\"text-align: justify;\">\u201cAbbiamo presentato una mozione in consiglio regionale per impegnare il presidente della Regione Lazio, Francesco Rocca, a promuovere e avviare un\u2019interlocuzione con il Governo Meloni al fine di lavorare all\u2019estensione della Zona Economica Speciale alle Province di Frosinone e Latina, anche attraverso l\u2019approvazione dell\u2019emendamento depositato in commissione bilancio alla Camera presentato a firma Mancini-Curti-Orfini. Con tale emendamento, infatti, si richiede di estendere la Zes Unica ai territori compresi nella ex Cassa per il Mezzogiorno, comprendendo quindi anche le Province di Latina e Frosinone\u201d, scrivono i tre in una nota. \u201cRiteniamo necessario questo intervento &#8211; proseguono &#8211; perch\u00e9 il decreto legge che istituisce, a partire dal 1\u00b0 gennaio 2024, la Zona economica speciale per il Mezzogiorno &#8211; \u201cZES unica\u201d comprende le regioni Abruzzo, Basilicata, Calabria, Campania, Molise, Puglia, Sicilia, Sardegna ed esclude le province della nostra regione&#8221;.<\/p>\n<p style=\"text-align: justify;\">Il perch\u00e9 della richiesta \u00e8 semplice:\u00a0 &#8220;La possibilit\u00e0 di beneficiare di speciali agevolazioni relativamente a investimenti e altre attivit\u00e0 di sviluppo dell\u2019impresa da parte di aziende gi\u00e0 operative e di nuovo insediamento. I poli industriali delle Province di Latina e Frosinone sono nevralgici per lo sviluppo industriale della Regione Lazio e per il centro Italia e l\u2019istituzione della \u201cZES unica\u201d del Mezzogiorno rappresenta una straordinaria opportunit\u00e0 di sviluppo e crescita di un territorio che \u00e8 contiguo alle Province di Frosinone e Latina che, per\u00f2, allo stato attuale risultano escluse dalle agevolazioni e semplificazioni amministrative connesse alle ZES, rischiando di compromettere l\u2019attrattivit\u00e0 nelle suddette aree industriali. Vista l\u2019importanza del tema, auspichiamo una risposta unitaria a favore dei nostri territori\u201d.<\/p>\n<p style=\"text-align: justify;\">&#8220;Speriamo che il governo accolga la proposta &#8211; conclude \u00a0il senatore del Pd, Claudio Mancini\u00a0 &#8211; Se si dovesse proseguire sulla strada tracciata dalla maggioranza, si perpetuerebbe una profonda ingiustizia e un danno alle province di Latina e Frosinone e ai comuni esclusi\u201d.<\/p>\n","protected":false},"excerpt":{"rendered":"<p>LATINA &#8211; Includere anche le province di Latina e Frosinone nella nuova Zona Economica Speciale. A chiederlo sono i consiglieri regionali dem Salvatore La Penna e Sara Battisti e il deputato Pd, Claudio Mancini. \u201cAbbiamo presentato una mozione in consiglio regionale per impegnare il presidente della Regione Lazio, Francesco Rocca, a promuovere e avviare un\u2019interlocuzione [&hellip;]<\/p>\n","protected":false},"author":62,"featured_media":338526,"comment_status":"open","ping_status":"open","sticky":false,"template":"","format":"standard","meta":{"footnotes":""},"categories":[11,2428],"tags":[],"class_list":["post-338525","post","type-post","status-publish","format-standard","has-post-thumbnail","hentry","category-economia","category-primo-piano"],"_links":{"self":[{"href":"https:\/\/www.radioluna.it\/news\/wp-json\/wp\/v2\/posts\/338525","targetHints":{"allow":["GET"]}}],"collection":[{"href":"https:\/\/www.radioluna.it\/news\/wp-json\/wp\/v2\/posts"}],"about":[{"href":"https:\/\/www.radioluna.it\/news\/wp-json\/wp\/v2\/types\/post"}],"author":[{"embeddable":true,"href":"https:\/\/www.radioluna.it\/news\/wp-json\/wp\/v2\/users\/62"}],"replies":[{"embeddable":true,"href":"https:\/\/www.radioluna.it\/news\/wp-json\/wp\/v2\/comments?post=338525"}],"version-history":[{"count":2,"href":"https:\/\/www.radioluna.it\/news\/wp-json\/wp\/v2\/posts\/338525\/revisions"}],"predecessor-version":[{"id":338528,"href":"https:\/\/www.radioluna.it\/news\/wp-json\/wp\/v2\/posts\/338525\/revisions\/338528"}],"wp:featuredmedia":[{"embeddable":true,"href":"https:\/\/www.radioluna.it\/news\/wp-json\/wp\/v2\/media\/338526"}],"wp:attachment":[{"href":"https:\/\/www.radioluna.it\/news\/wp-json\/wp\/v2\/media?parent=338525"}],"wp:term":[{"taxonomy":"category","embeddable":true,"href":"https:\/\/www.radioluna.it\/news\/wp-json\/wp\/v2\/categories?post=338525"},{"taxonomy":"post_tag","embeddable":true,"href":"https:\/\/www.radioluna.it\/news\/wp-json\/wp\/v2\/tags?post=338525"}],"curies":[{"name":"wp","href":"https:\/\/api.w.org\/{rel}","templated":true}]}}