{"id":338542,"date":"2023-10-17T12:20:31","date_gmt":"2023-10-17T10:20:31","guid":{"rendered":"https:\/\/www.radioluna.it\/news\/?p=338542"},"modified":"2023-10-17T12:20:31","modified_gmt":"2023-10-17T10:20:31","slug":"al-proietti-di-priverno-torna-famiglie-a-teatro","status":"publish","type":"post","link":"https:\/\/www.radioluna.it\/news\/2023\/10\/al-proietti-di-priverno-torna-famiglie-a-teatro\/","title":{"rendered":"Al Proietti di Priverno torna &#8220;Famiglie a teatro&#8221;"},"content":{"rendered":"<div id=\"fb-root\"><\/div>\n<p style=\"text-align: justify;\"><strong>PRIVERNO &#8211;<\/strong> Torna anche quest&#8217;anno, presso il Teatro Comunale Gigi Proietti di Priverno, \u201cFamiglie a teatro\u201d, la rassegna di teatro ragazzi promossa e sostenuta da A.T.C.L., circuito multidisciplinare del Lazio sostenuto da Mic Ministero della Cultura e Regione Lazio, in collaborazione con il Comune di Priverno e Matutateatro.<\/p>\n<p style=\"text-align: justify;\">Un appuntamento atteso ogni anno da un ampio pubblico di bambini e famiglie provenienti da tutta la provincia che da qui a dicembre potranno assistere a tre spettacoli selezionati tra le migliori proposte nazionali di teatro ragazzi. Si tratta di spettacoli che per loro natura sono dedicati al pubblico dei bambini e dei ragazzi, ma sono anche in grado, per la qualit\u00e0 dell\u2019esecuzione, per i temi trattati e per la molteplicit\u00e0 dei livelli di lettura proposti, di catturare l\u2019attenzione e l\u2019interesse di tutta la famiglia.<\/p>\n<p style=\"text-align: justify;\">Apre la stagione sabato 21 ottobre, alle ore 17.30, la pi\u00e8ce &#8220;Pollicino Show&#8221;, una produzione della Compagnia Artemis Danza, che rilegge i temi classici della fiaba in chiave contemporanea. Combinando coreografie di danza, illustrazioni animate e una colonna sonora di grandi classici, sia i piccini che i grandi verranno coinvolti in una storia appassionante, a tratti drammatica e misteriosa ma capace di divertire e far sognare.<\/p>\n<p style=\"text-align: justify;\">La storia \u00e8 quella classica di Pollicino, piccolo di statura ma grande nell\u2019astuzia. La sua \u00e8 una famiglia poverissima. Ha sei fratelli e i genitori a stento riescono a provvedere per tutti. Con l\u2019arrivo di una pesante carestia il cibo non basta pi\u00f9. Il padre allora, ha un\u2019idea: abbandonare i figli al loro destino. Una volta soli e perduti nel bosco, Pollicino e i suoi fratelli supereranno pericoli e imprevisti. Grazie all\u2019immaginazione e al coraggio, il piccolo eroe riuscir\u00e0 a salvare tutti e a fare della sua storia uno spettacolo per i teatri di tutto il mondo.<\/p>\n<p style=\"text-align: justify;\">Coreografia e interpretazione sono di Davide Tagliavini, regia di Cinzia Pietribiasi, illustrazioni e scene di Giovanni Copelli.<\/p>\n<p style=\"text-align: justify;\">La rassegna prosegue domenica 12 novembre alle 17.30 con la compagnia Proscenio Teatro che presenta \u201cCenerentola in bianco e nero\u201d, con Mirco Abbruzzetti e Simona Ripari. Lo spettacolo racconta la vicenda della classica fiaba, attraversando i momenti pi\u00f9 cari e noti al pubblico di ogni et\u00e0, facendo riferimento sia alla versione di Charles Perrault che a quella dei Fratelli Grimm, molto diverse soprattutto nel finale. Da una parte Perrault, che perdona le malefatte della matrigna e delle sue figlie e che vede addirittura Cenerentola accoglierle nel Palazzo dove era andata in sposa con il Principe (versione bianca). Dall&#8217;altra la \u201czampata\u201d dei Fratelli Grimm, che invece puniscono severamente le sorellastre, facendole accecare da due colombi nel giorno delle nozze di Cenerentola (versione nera). Non mancheranno pupazzi animati, situazioni divertenti e il coinvolgimento diretto del pubblico. Anzi, sar\u00e0 proprio quest&#8217;ultimo a decidere quale dei due finali \u00e8 pi\u00f9 gradito, e lo far\u00e0 con una regolare votazione, alzando il foglio che gli verr\u00e0 consegnato all&#8217;ingresso, nella parte bianca o in quella nera.<\/p>\n<p style=\"text-align: justify;\">Sabato 16 dicembre, alle 17.30, sar\u00e0 infine la volta della compagnia Matutateatro che presenter\u00e0 un classico come Piccolo Principe: due soli attori e un musicista alle prese con tutti i personaggi di una storia che non smette di commuovere bambini, adulti e ragazzi. Uno spettacolo che affronta tematiche universali con la leggerezza di un racconto per l\u2019infanzia.<\/p>\n<p style=\"text-align: justify;\">Informazioni e prenotazioni (anche WhatsApp) ai numeri telefonici 3286115020 \u2013 3291099630.<\/p>\n<p style=\"text-align: justify;\">Biglietto d\u2019ingresso ai singoli spettacoli: \u20ac 5<\/p>\n<p style=\"text-align: justify;\">Teatro Comunale Gigi Proietti, via San Giovanni 3 \u2013 Priverno (LT)<\/p>\n","protected":false},"excerpt":{"rendered":"<p>PRIVERNO &#8211; Torna anche quest&#8217;anno, presso il Teatro Comunale Gigi Proietti di Priverno, \u201cFamiglie a teatro\u201d, la rassegna di teatro ragazzi promossa e sostenuta da A.T.C.L., circuito multidisciplinare del Lazio sostenuto da Mic Ministero della Cultura e Regione Lazio, in collaborazione con il Comune di Priverno e Matutateatro. Un appuntamento atteso ogni anno da un [&hellip;]<\/p>\n","protected":false},"author":60,"featured_media":0,"comment_status":"open","ping_status":"open","sticky":false,"template":"","format":"standard","meta":{"footnotes":""},"categories":[16,734],"tags":[],"class_list":["post-338542","post","type-post","status-publish","format-standard","hentry","category-appuntamenti","category-evidenza"],"_links":{"self":[{"href":"https:\/\/www.radioluna.it\/news\/wp-json\/wp\/v2\/posts\/338542","targetHints":{"allow":["GET"]}}],"collection":[{"href":"https:\/\/www.radioluna.it\/news\/wp-json\/wp\/v2\/posts"}],"about":[{"href":"https:\/\/www.radioluna.it\/news\/wp-json\/wp\/v2\/types\/post"}],"author":[{"embeddable":true,"href":"https:\/\/www.radioluna.it\/news\/wp-json\/wp\/v2\/users\/60"}],"replies":[{"embeddable":true,"href":"https:\/\/www.radioluna.it\/news\/wp-json\/wp\/v2\/comments?post=338542"}],"version-history":[{"count":0,"href":"https:\/\/www.radioluna.it\/news\/wp-json\/wp\/v2\/posts\/338542\/revisions"}],"wp:attachment":[{"href":"https:\/\/www.radioluna.it\/news\/wp-json\/wp\/v2\/media?parent=338542"}],"wp:term":[{"taxonomy":"category","embeddable":true,"href":"https:\/\/www.radioluna.it\/news\/wp-json\/wp\/v2\/categories?post=338542"},{"taxonomy":"post_tag","embeddable":true,"href":"https:\/\/www.radioluna.it\/news\/wp-json\/wp\/v2\/tags?post=338542"}],"curies":[{"name":"wp","href":"https:\/\/api.w.org\/{rel}","templated":true}]}}