{"id":338574,"date":"2023-10-17T16:55:37","date_gmt":"2023-10-17T14:55:37","guid":{"rendered":"https:\/\/www.radioluna.it\/news\/?p=338574"},"modified":"2023-10-19T13:07:47","modified_gmt":"2023-10-19T11:07:47","slug":"visitare-il-giardino-di-ninfa-ripassando-italo-calvino","status":"publish","type":"post","link":"https:\/\/www.radioluna.it\/news\/2023\/10\/visitare-il-giardino-di-ninfa-ripassando-italo-calvino\/","title":{"rendered":"Visitare il Giardino di Ninfa ripassando Italo Calvino"},"content":{"rendered":"<div id=\"fb-root\"><\/div>\n<p style=\"text-align: justify;\"><strong>LATINA<\/strong> &#8211; \u201cLa fantasia \u00e8 un posto dove ci piove dentro\u201d \u00e8 il titolo delle visite animate che la Fondazione Roffredo Caetani organizza per domenica 22 ottobre nella \u201cGiornata europea dei parchi letterari\u201d, dedicate a Italo Calvino nei 100 anni dalla nascita. Il titolo \u00e8 infatti contenuto nelle sue \u201cLezioni Americane\u201d. L&#8217;iniziativa \u00e8 stata organizzata nel Giardino di Ninfa con il Teatro Fellini Pontinia e il Parco Letterario Marguerite Chapin e i luoghi dei Caetani, uno spettacolo curato e diretto da Clemente Pernarella con Alessandra Gigli, Salvatore Palombi, Giada Prandi e Andrei Cuciuc<\/p>\n<p style=\"text-align: justify;\">I visitatori che entreranno nel Giardino\u00a0 di Ninfa dalle ore 10 alle ore 12.30\u00a0 &#8211; si legge in\u00a0 una nota della Fondazione &#8211; saranno accompagnati in un percorso \u201canimato\u201d, una \u201cpasseggiata\u201d per incontrare i personaggi e le pagine dello scrittore che pi\u00f9 risultano consonanti al tema del rapporto tra uomo ed elemento naturale. Il tragitto, sviluppato in \u201cstazioni\u201d, restituisce uno spettacolo in formula itinerante dove il percorso botanico\/naturalistico \u00e8 contrappuntato dagli interventi performativi. Passando dai materiali delle \u201cLezioni Americane\u201d, alle \u201cFiabe Italiane\u201d tradotte e riscritte, alle pagine di alcuni degli scritti pi\u00f9 celebri, \u201cPalomar\u201d e \u201cLe citt\u00e0 invisibili\u201d tenendo presente sempre le cinque celebri lezioni che Calvino avrebbe dovuto tenere nel 1985 ad Harvard su invito dell\u2019ateneo statunitense. La prematura scomparsa dell\u2019autore non permise la realizzazione del progetto ma a noi rimangono gli scritti pubblicati postumi. \u201cCinque valori o qualit\u00e0 o specificit\u00e0 della letteratura\u201d cos\u00ec scrive Calvino. Cinque qualit\u00e0 che toccano la letteratura, l\u2019arte in generale e in fondo la vita di tutti noi: Leggerezza, Rapidit\u00e0, Esattezza, Visibilit\u00e0, Molteplicit\u00e0.<\/p>\n<p style=\"text-align: justify;\">Costo: incluso nel percorso di visita, prenotazioni sul sito<a href=\"http:\/\/www.giardinodininfa.eu\">\u00a0www.giardinodininfa.eu<\/a><\/p>\n","protected":false},"excerpt":{"rendered":"<p>LATINA &#8211; \u201cLa fantasia \u00e8 un posto dove ci piove dentro\u201d \u00e8 il titolo delle visite animate che la Fondazione Roffredo Caetani organizza per domenica 22 ottobre nella \u201cGiornata europea dei parchi letterari\u201d, dedicate a Italo Calvino nei 100 anni dalla nascita. Il titolo \u00e8 infatti contenuto nelle sue \u201cLezioni Americane\u201d. L&#8217;iniziativa \u00e8 stata organizzata [&hellip;]<\/p>\n","protected":false},"author":62,"featured_media":338575,"comment_status":"open","ping_status":"open","sticky":false,"template":"","format":"standard","meta":{"footnotes":""},"categories":[15,734],"tags":[],"class_list":["post-338574","post","type-post","status-publish","format-standard","has-post-thumbnail","hentry","category-cultura","category-evidenza"],"_links":{"self":[{"href":"https:\/\/www.radioluna.it\/news\/wp-json\/wp\/v2\/posts\/338574","targetHints":{"allow":["GET"]}}],"collection":[{"href":"https:\/\/www.radioluna.it\/news\/wp-json\/wp\/v2\/posts"}],"about":[{"href":"https:\/\/www.radioluna.it\/news\/wp-json\/wp\/v2\/types\/post"}],"author":[{"embeddable":true,"href":"https:\/\/www.radioluna.it\/news\/wp-json\/wp\/v2\/users\/62"}],"replies":[{"embeddable":true,"href":"https:\/\/www.radioluna.it\/news\/wp-json\/wp\/v2\/comments?post=338574"}],"version-history":[{"count":1,"href":"https:\/\/www.radioluna.it\/news\/wp-json\/wp\/v2\/posts\/338574\/revisions"}],"predecessor-version":[{"id":338576,"href":"https:\/\/www.radioluna.it\/news\/wp-json\/wp\/v2\/posts\/338574\/revisions\/338576"}],"wp:featuredmedia":[{"embeddable":true,"href":"https:\/\/www.radioluna.it\/news\/wp-json\/wp\/v2\/media\/338575"}],"wp:attachment":[{"href":"https:\/\/www.radioluna.it\/news\/wp-json\/wp\/v2\/media?parent=338574"}],"wp:term":[{"taxonomy":"category","embeddable":true,"href":"https:\/\/www.radioluna.it\/news\/wp-json\/wp\/v2\/categories?post=338574"},{"taxonomy":"post_tag","embeddable":true,"href":"https:\/\/www.radioluna.it\/news\/wp-json\/wp\/v2\/tags?post=338574"}],"curies":[{"name":"wp","href":"https:\/\/api.w.org\/{rel}","templated":true}]}}