{"id":338669,"date":"2023-10-19T10:47:58","date_gmt":"2023-10-19T08:47:58","guid":{"rendered":"https:\/\/www.radioluna.it\/news\/?p=338669"},"modified":"2023-10-19T10:47:58","modified_gmt":"2023-10-19T08:47:58","slug":"mezza-maratona-di-sabaudia-il-tradizionale-evento-uisp-al-via-con-la-grande-novita-della-10-chilometri","status":"publish","type":"post","link":"https:\/\/www.radioluna.it\/news\/2023\/10\/mezza-maratona-di-sabaudia-il-tradizionale-evento-uisp-al-via-con-la-grande-novita-della-10-chilometri\/","title":{"rendered":"Mezza Maratona di Sabaudia, il tradizionale evento Uisp al via con la grande novit\u00e0 della 10 chilometri"},"content":{"rendered":"<div id=\"fb-root\"><\/div>\n<p style=\"text-align: justify;\"><strong>SABAUDIA &#8211;<\/strong> Una grande novit\u00e0 e tante importanti conferme per l\u2019ennesimo evento di punta del Grande Slam \u201cNatalino Nocera\u201d. Domenica si terr\u00e0 infatti la 21esima edizione della \u201cMezza Maratona\u201d di Sabaudia e il Comitato Territoriale Uisp di Latina ha organizzato il tradizionale appuntamento con il prezioso sostegno del Comune della Citt\u00e0 delle Dune, con il sindaco Gen. Alberto Mosca in prima linea insieme al Delegato all\u2019Ufficio Sport Massimo Mazzali. La novit\u00e0 consiste nella doppia distanza che i podisti provenienti da tutta la regione saranno chiamati a coprire: si potr\u00e0 partecipare alla gara classica di 21 chilometri e 97 metri e ad una 10 chilometri studiata su un percorso lievemente diverso. Entrambe le corse prenderanno il via alle 9,30 da piazza del Comune, con il raduno fissato due ore prima e l\u2019arrivo dei primi atleti previsto rispettivamente intorno alle 10.40 e alle 10. Il percorso della Mezza Maratona prevede un giro iniziale di circa 6 chilometri all\u2019interno del centro urbano con successiva destinazione verso la zona della Bufalara e il Lungomare; i partecipanti alla 10 km si divideranno invece dal resto del gruppo all\u2019altezza del terzo chilometro, per poi dirigersi lungo Strada Sant\u2019Andrea e raggiungere il traguardo al punto di partenza. Il regolamento prevede un tempo limite di 70 minuti entro il decimo chilometro e un limite di 150 minuti per l\u2019intera gara, limiti oltre i quali il percorso non sar\u00e0 pi\u00f9 presidiato e bisogner\u00e0 attenersi alle norme del Codice della Strada. A tal proposito, garantiranno la massima sicurezza ai podisti la Polizia Locale, la Protezione Civile del Comune di Sabaudia e l\u2019Anps di Terracina. Lo scorso anno, sull\u2019unica distanza dei 21 km, si impose dopo un entusiasmante testa a testa Fabio Lupinetti su Pietro Carbotti, con un tempo di 1.12\u201924, mentre Claudio Marchiori si piazz\u00f2 terzo. Tra le donne trionf\u00f2 invece Roberta Andreoli (1.31\u201904\u2019\u2019) su Francesca Macinenti e Valentina Cipolla. Per quanto riguarda le premiazioni di quest\u2019anno, previste come sempre all\u2019interno della corte comunale, l\u2019Uisp di Latina ha potuto contare sull\u2019apporto di importanti sponsor come il Conad Superstore Sabaudia diretto da Roberto Zago e come lo storico marchio Sport85: riconoscimenti in coppe, targhe e prodotti in natura saranno assegnati ai primi 5 e alle prime cinque della classifica generale di entrambe le distanze, alle prime cinque societ\u00e0 rilevate dalla somma delle due graduatorie e ai primi tre e le prime tre di tutte le categorie della 21 km. Ad ogni partecipante, inoltre, sar\u00e0 consegnata la speciale medaglia realizzata per la 21esima edizione dell\u2019evento. Tornando allo start delle 9.30, si vivr\u00e0 un momento particolarmente emozionante e commovente: il Comitato Uisp Latina, ancora sconvolto dalla scomparsa del caro amico podista Emanele Molena, ha deciso di dedicargli un significativo gesto insieme ai compagni di squadra della Nuova Podistica Latina: si riuniranno tutti ai nastri di partenza e ricorderanno Emanuele, convinti di averlo ancora al loro fianco nel partecipare ad ogni gara e nel dare vita alla grande passione di una persona destinata a rimanere nel cuore di ognuno.<\/p>\n<p style=\"text-align: justify;\">\n<p style=\"text-align: justify;\">Per ulteriori informazioni e iscrizioni consultare il sito uisplatina.it, scrivere all\u2019indirizzo \u00a0atleticaleggera.latina@uisp.it\u00a0o inviare un messaggio WhatsApp al 328.1193101.<\/p>\n<p>&nbsp;<\/p>\n","protected":false},"excerpt":{"rendered":"<p>SABAUDIA &#8211; Una grande novit\u00e0 e tante importanti conferme per l\u2019ennesimo evento di punta del Grande Slam \u201cNatalino Nocera\u201d. Domenica si terr\u00e0 infatti la 21esima edizione della \u201cMezza Maratona\u201d di Sabaudia e il Comitato Territoriale Uisp di Latina ha organizzato il tradizionale appuntamento con il prezioso sostegno del Comune della Citt\u00e0 delle Dune, con il [&hellip;]<\/p>\n","protected":false},"author":5430,"featured_media":0,"comment_status":"open","ping_status":"open","sticky":false,"template":"","format":"standard","meta":{"footnotes":""},"categories":[734,17],"tags":[],"class_list":["post-338669","post","type-post","status-publish","format-standard","hentry","category-evidenza","category-sport"],"_links":{"self":[{"href":"https:\/\/www.radioluna.it\/news\/wp-json\/wp\/v2\/posts\/338669","targetHints":{"allow":["GET"]}}],"collection":[{"href":"https:\/\/www.radioluna.it\/news\/wp-json\/wp\/v2\/posts"}],"about":[{"href":"https:\/\/www.radioluna.it\/news\/wp-json\/wp\/v2\/types\/post"}],"author":[{"embeddable":true,"href":"https:\/\/www.radioluna.it\/news\/wp-json\/wp\/v2\/users\/5430"}],"replies":[{"embeddable":true,"href":"https:\/\/www.radioluna.it\/news\/wp-json\/wp\/v2\/comments?post=338669"}],"version-history":[{"count":0,"href":"https:\/\/www.radioluna.it\/news\/wp-json\/wp\/v2\/posts\/338669\/revisions"}],"wp:attachment":[{"href":"https:\/\/www.radioluna.it\/news\/wp-json\/wp\/v2\/media?parent=338669"}],"wp:term":[{"taxonomy":"category","embeddable":true,"href":"https:\/\/www.radioluna.it\/news\/wp-json\/wp\/v2\/categories?post=338669"},{"taxonomy":"post_tag","embeddable":true,"href":"https:\/\/www.radioluna.it\/news\/wp-json\/wp\/v2\/tags?post=338669"}],"curies":[{"name":"wp","href":"https:\/\/api.w.org\/{rel}","templated":true}]}}