{"id":338686,"date":"2023-10-19T14:05:03","date_gmt":"2023-10-19T12:05:03","guid":{"rendered":"https:\/\/www.radioluna.it\/news\/?p=338686"},"modified":"2023-10-20T10:32:04","modified_gmt":"2023-10-20T08:32:04","slug":"arrestato-per-droga-cristian-de-rosa-28-anni-diventa-sorvegliato-speciale-e-dovra-trovarsi-un-lavoro","status":"publish","type":"post","link":"https:\/\/www.radioluna.it\/news\/2023\/10\/arrestato-per-droga-cristian-de-rosa-28-anni-diventa-sorvegliato-speciale-e-dovra-trovarsi-un-lavoro\/","title":{"rendered":"Arrestato per droga, Cristian De Rosa, 28 anni, diventa sorvegliato speciale e dovr\u00e0 trovarsi un lavoro"},"content":{"rendered":"<div id=\"fb-root\"><\/div>\n<p style=\"text-align: justify;\"><strong>LATINA<\/strong> &#8211;\u00a0 &#8220;Vive abitualmente con i proventi di attivit\u00e0 delittuose ed \u00e8 dedito alla commissione di reati che pongono in pericolo la sicurezza pubblica&#8221;. Con questa motivazione \u00e8 stata irrogata oggi a Cristian De Rosa, 28 anni, di Latina, la misura della sorveglianza speciale. Il provvedimento,\u00a0 notificato dai carabinieri del Reparto operativo del Nucleo investigativo di Latina, \u00e8 stato emesso dalla sezione specializzata misure di prevenzione del tribunale di Roma su richiesta della procura di Latina.<\/p>\n<p style=\"text-align: justify;\">Il giovane, figlio di Giulia De Rosa, era stato arrestato il 1\u00b0 marzo scorso insieme con sua madre nel corso di un&#8217;operazione dei militari dell&#8217;Arma per detenzione e spaccio di stupefacenti,\u00a0 nella zona del cimitero, nel Kennedy dove la famiglia vive in un alloggio popolare dell&#8217;Ater. Nella stessa occasione erano stati notificati gli obblighi di firma alle sorelle del ragazzo.<\/p>\n<p style=\"text-align: justify;\">L&#8217;attivit\u00e0 di indagine\u00a0 &#8211; spiegano dal Comando provinciale dei carabinieri di Latina &#8211;\u00a0 \u00a0ha consentito di dimostrare che il 28enne, fin da quando era giovanissimo, si \u00e8 dedicato senza soluzione di continuit\u00e0 a reati in materia di spaccio di stupefacenti e reati contro il patrimonio. Il suo primo arresto risale al 2019, nell&#8217;ambito dell&#8217;operazione Scudo, condotta sempre dai carabinieri, sulle attivit\u00e0 di spaccio proprio nella zona di residenza di del ragazzo.<\/p>\n<p style=\"text-align: justify;\">Secondo quanto previsto dalla misura, Cristian De Rosa, per due anni non potr\u00e0 allontanarsi da Latina, ha il divieto di uscire di casa di notte (tra le 21 e le 7), dovr\u00e0 cercare immediatamente un lavoro e non frequentare soggetti gravati da condanne o sottoposti a misure di prevenzione.<\/p>\n","protected":false},"excerpt":{"rendered":"<p>LATINA &#8211;\u00a0 &#8220;Vive abitualmente con i proventi di attivit\u00e0 delittuose ed \u00e8 dedito alla commissione di reati che pongono in pericolo la sicurezza pubblica&#8221;. Con questa motivazione \u00e8 stata irrogata oggi a Cristian De Rosa, 28 anni, di Latina, la misura della sorveglianza speciale. Il provvedimento,\u00a0 notificato dai carabinieri del Reparto operativo del Nucleo investigativo [&hellip;]<\/p>\n","protected":false},"author":62,"featured_media":338687,"comment_status":"open","ping_status":"open","sticky":false,"template":"","format":"standard","meta":{"footnotes":""},"categories":[7,2428],"tags":[],"class_list":["post-338686","post","type-post","status-publish","format-standard","has-post-thumbnail","hentry","category-cronaca","category-primo-piano"],"_links":{"self":[{"href":"https:\/\/www.radioluna.it\/news\/wp-json\/wp\/v2\/posts\/338686","targetHints":{"allow":["GET"]}}],"collection":[{"href":"https:\/\/www.radioluna.it\/news\/wp-json\/wp\/v2\/posts"}],"about":[{"href":"https:\/\/www.radioluna.it\/news\/wp-json\/wp\/v2\/types\/post"}],"author":[{"embeddable":true,"href":"https:\/\/www.radioluna.it\/news\/wp-json\/wp\/v2\/users\/62"}],"replies":[{"embeddable":true,"href":"https:\/\/www.radioluna.it\/news\/wp-json\/wp\/v2\/comments?post=338686"}],"version-history":[{"count":2,"href":"https:\/\/www.radioluna.it\/news\/wp-json\/wp\/v2\/posts\/338686\/revisions"}],"predecessor-version":[{"id":338710,"href":"https:\/\/www.radioluna.it\/news\/wp-json\/wp\/v2\/posts\/338686\/revisions\/338710"}],"wp:featuredmedia":[{"embeddable":true,"href":"https:\/\/www.radioluna.it\/news\/wp-json\/wp\/v2\/media\/338687"}],"wp:attachment":[{"href":"https:\/\/www.radioluna.it\/news\/wp-json\/wp\/v2\/media?parent=338686"}],"wp:term":[{"taxonomy":"category","embeddable":true,"href":"https:\/\/www.radioluna.it\/news\/wp-json\/wp\/v2\/categories?post=338686"},{"taxonomy":"post_tag","embeddable":true,"href":"https:\/\/www.radioluna.it\/news\/wp-json\/wp\/v2\/tags?post=338686"}],"curies":[{"name":"wp","href":"https:\/\/api.w.org\/{rel}","templated":true}]}}