{"id":338732,"date":"2023-10-20T07:27:39","date_gmt":"2023-10-20T05:27:39","guid":{"rendered":"https:\/\/www.radioluna.it\/news\/?p=338732"},"modified":"2023-10-20T11:34:21","modified_gmt":"2023-10-20T09:34:21","slug":"tragedia-in-via-adua-a-latina-giovane-muore-precipitando-da-un-palazzo-di-8-piani","status":"publish","type":"post","link":"https:\/\/www.radioluna.it\/news\/2023\/10\/tragedia-in-via-adua-a-latina-giovane-muore-precipitando-da-un-palazzo-di-8-piani\/","title":{"rendered":"Tragedia in Via Adua a Latina, giovane muore precipitando da un palazzo di nove piani"},"content":{"rendered":"<div id=\"fb-root\"><\/div>\n<p style=\"text-align: justify;\"><strong>LATINA<\/strong> &#8211; Una tragedia si \u00e8 consumata intorno alle 21 della sera tra gioved\u00ec e venerd\u00ec a Latina in Via Adua dove un ragazzo di 26 anni \u00e8 precipitato dal nono piano di un palazzo ed \u00e8 morto. Il corpo \u00e8 stato ritrovato sul terrazzo della palazzina adiacente dopo che un condomino ha sentito un tonfo.\u00a0 Il giovane che non aveva documenti con s\u00e9, solo le chiavi della macchina nella tasca dei pantaloni, con ogni probabilit\u00e0 \u00e8 precipitato da una finestra delle scale.<\/p>\n<p style=\"text-align: justify;\">Nella strada che si trova di fronte alla scuola media Giovanni Cena e che \u00e8\u00a0 piuttosto frequentata anche la sera per la presenza di uno storico pub del capoluogo, a due passi dall&#8217;universit\u00e0, sono intervenuti prima il 118 poi i carabinieri. Il personale sanitario non ha potuto fare altro che constatare il decesso del giovane, mentre i carabinieri hanno avviato le indagini per la sua identificazione resa possibile proprio dai documenti dell&#8217;auto parcheggiata nelle vicinanze.<\/p>\n<p style=\"text-align: justify;\">I militari hanno scoperto cos\u00ec che la vittima aveva abitato in passato in quel palazzo con la propria famiglia. La salma \u00e8 stata messa a disposizione dell&#8217;autorit\u00e0 giudiziaria per gli accertamenti medico legali, mentre proseguono le indagini per delineare i contorni della vicenda.<\/p>\n","protected":false},"excerpt":{"rendered":"<p>LATINA &#8211; Una tragedia si \u00e8 consumata intorno alle 21 della sera tra gioved\u00ec e venerd\u00ec a Latina in Via Adua dove un ragazzo di 26 anni \u00e8 precipitato dal nono piano di un palazzo ed \u00e8 morto. Il corpo \u00e8 stato ritrovato sul terrazzo della palazzina adiacente dopo che un condomino ha sentito un [&hellip;]<\/p>\n","protected":false},"author":62,"featured_media":338733,"comment_status":"open","ping_status":"open","sticky":false,"template":"","format":"standard","meta":{"footnotes":""},"categories":[7,2428],"tags":[],"class_list":["post-338732","post","type-post","status-publish","format-standard","has-post-thumbnail","hentry","category-cronaca","category-primo-piano"],"_links":{"self":[{"href":"https:\/\/www.radioluna.it\/news\/wp-json\/wp\/v2\/posts\/338732","targetHints":{"allow":["GET"]}}],"collection":[{"href":"https:\/\/www.radioluna.it\/news\/wp-json\/wp\/v2\/posts"}],"about":[{"href":"https:\/\/www.radioluna.it\/news\/wp-json\/wp\/v2\/types\/post"}],"author":[{"embeddable":true,"href":"https:\/\/www.radioluna.it\/news\/wp-json\/wp\/v2\/users\/62"}],"replies":[{"embeddable":true,"href":"https:\/\/www.radioluna.it\/news\/wp-json\/wp\/v2\/comments?post=338732"}],"version-history":[{"count":10,"href":"https:\/\/www.radioluna.it\/news\/wp-json\/wp\/v2\/posts\/338732\/revisions"}],"predecessor-version":[{"id":338745,"href":"https:\/\/www.radioluna.it\/news\/wp-json\/wp\/v2\/posts\/338732\/revisions\/338745"}],"wp:featuredmedia":[{"embeddable":true,"href":"https:\/\/www.radioluna.it\/news\/wp-json\/wp\/v2\/media\/338733"}],"wp:attachment":[{"href":"https:\/\/www.radioluna.it\/news\/wp-json\/wp\/v2\/media?parent=338732"}],"wp:term":[{"taxonomy":"category","embeddable":true,"href":"https:\/\/www.radioluna.it\/news\/wp-json\/wp\/v2\/categories?post=338732"},{"taxonomy":"post_tag","embeddable":true,"href":"https:\/\/www.radioluna.it\/news\/wp-json\/wp\/v2\/tags?post=338732"}],"curies":[{"name":"wp","href":"https:\/\/api.w.org\/{rel}","templated":true}]}}