{"id":338918,"date":"2023-10-23T08:12:06","date_gmt":"2023-10-23T06:12:06","guid":{"rendered":"https:\/\/www.radioluna.it\/news\/?p=338918"},"modified":"2023-10-23T10:39:22","modified_gmt":"2023-10-23T08:39:22","slug":"fondi-finiscono-nella-scarpata-ma-non-ce-segnale-coppia-soccorsa-solo-al-mattino","status":"publish","type":"post","link":"https:\/\/www.radioluna.it\/news\/2023\/10\/fondi-finiscono-nella-scarpata-ma-non-ce-segnale-coppia-soccorsa-solo-al-mattino\/","title":{"rendered":"Fondi, finiscono nella scarpata, ma non c&#8217;\u00e8 segnale: coppia soccorsa solo al mattino"},"content":{"rendered":"<div id=\"fb-root\"><\/div>\n<p style=\"text-align: justify;\"><strong>FONDI<\/strong> &#8211; Sono rimasti tutta la notte nella scarpata dopo un incidente stradale avvenuto sull\u2019Appia a Fondi. Impossibile muoversi con il buio totale e altrettanto impossibile lanciare l\u2019allarme a causa dei cellulari isolati in una zona in cui il segnale non ha consentito nemmeno le chiamate di emergenza. E\u2019 cos\u00ec che una coppia \u00e8 stata salvata solo nella mattina di domenica, quando appena si \u00e8 fatta luce, lui che era in buone condizioni \u00e8 riuscito ad arrampicarsi e a raggiungere la strada.<\/p>\n<p style=\"text-align: justify;\">Erano le 8 quando i vigili del fuoco sono intervenuti al km 126, hanno raggiunto la donna ferita rimasta nella scarpata, l\u2019hanno stabilizzata e affidata ai sanitari del 118. Sul posto anche la polizia locale di fondi per svolgere i rilievi e chiarire l\u2019esatta dinamica dell\u2019incidente.<\/p>\n","protected":false},"excerpt":{"rendered":"<p>FONDI &#8211; Sono rimasti tutta la notte nella scarpata dopo un incidente stradale avvenuto sull\u2019Appia a Fondi. Impossibile muoversi con il buio totale e altrettanto impossibile lanciare l\u2019allarme a causa dei cellulari isolati in una zona in cui il segnale non ha consentito nemmeno le chiamate di emergenza. E\u2019 cos\u00ec che una coppia \u00e8 stata [&hellip;]<\/p>\n","protected":false},"author":62,"featured_media":338919,"comment_status":"open","ping_status":"open","sticky":false,"template":"","format":"standard","meta":{"footnotes":""},"categories":[7,2428],"tags":[],"class_list":["post-338918","post","type-post","status-publish","format-standard","has-post-thumbnail","hentry","category-cronaca","category-primo-piano"],"_links":{"self":[{"href":"https:\/\/www.radioluna.it\/news\/wp-json\/wp\/v2\/posts\/338918","targetHints":{"allow":["GET"]}}],"collection":[{"href":"https:\/\/www.radioluna.it\/news\/wp-json\/wp\/v2\/posts"}],"about":[{"href":"https:\/\/www.radioluna.it\/news\/wp-json\/wp\/v2\/types\/post"}],"author":[{"embeddable":true,"href":"https:\/\/www.radioluna.it\/news\/wp-json\/wp\/v2\/users\/62"}],"replies":[{"embeddable":true,"href":"https:\/\/www.radioluna.it\/news\/wp-json\/wp\/v2\/comments?post=338918"}],"version-history":[{"count":2,"href":"https:\/\/www.radioluna.it\/news\/wp-json\/wp\/v2\/posts\/338918\/revisions"}],"predecessor-version":[{"id":338922,"href":"https:\/\/www.radioluna.it\/news\/wp-json\/wp\/v2\/posts\/338918\/revisions\/338922"}],"wp:featuredmedia":[{"embeddable":true,"href":"https:\/\/www.radioluna.it\/news\/wp-json\/wp\/v2\/media\/338919"}],"wp:attachment":[{"href":"https:\/\/www.radioluna.it\/news\/wp-json\/wp\/v2\/media?parent=338918"}],"wp:term":[{"taxonomy":"category","embeddable":true,"href":"https:\/\/www.radioluna.it\/news\/wp-json\/wp\/v2\/categories?post=338918"},{"taxonomy":"post_tag","embeddable":true,"href":"https:\/\/www.radioluna.it\/news\/wp-json\/wp\/v2\/tags?post=338918"}],"curies":[{"name":"wp","href":"https:\/\/api.w.org\/{rel}","templated":true}]}}