{"id":339011,"date":"2023-10-24T09:22:27","date_gmt":"2023-10-24T07:22:27","guid":{"rendered":"https:\/\/www.radioluna.it\/news\/?p=339011"},"modified":"2023-10-24T09:22:38","modified_gmt":"2023-10-24T07:22:38","slug":"palazzo-lamaro-le-richieste-dellamministrazione-comunale-a-tutela-degli-inquilini","status":"publish","type":"post","link":"https:\/\/www.radioluna.it\/news\/2023\/10\/palazzo-lamaro-le-richieste-dellamministrazione-comunale-a-tutela-degli-inquilini\/","title":{"rendered":"Palazzo Lamaro, le richieste dell\u2019amministrazione comunale a tutela degli inquilini"},"content":{"rendered":"<div id=\"fb-root\"><\/div>\n<p style=\"text-align: justify;\"><strong>LATINA &#8211;<\/strong> L\u2019amministrazione comunale di Latina ha messo nero su bianco le richieste rivolte alla societ\u00e0 Investire Scr-Fondo Aiace, titolare di palazzo Lamaro, per scongiurare il rischio che decine di famiglie possano trovarsi a breve in una situazione di emergenza abitativa.\u00a0Facendo seguito ai recenti incontri tra l\u2019assessore Michele Nasso, l\u2019avvocato Giacomo Mignano, delegato del sindaco Matilde Celentano, la propriet\u00e0 dell\u2019edificio di piazzale Gorizia, gli inquilini e le associazioni di categoria, l\u2019amministrazione comunale oggi, con una nota a firma della prima cittadina e dell\u2019assessore alle Politiche sociali, ha espresso preoccupazione per l\u2019allarme sociale che si \u00e8 venuto a ingenerare a causa della disposta dismissione di una serie di unit\u00e0 immobiliari insistenti nello stabile.<\/p>\n<p style=\"text-align: justify;\">\u201cL\u2019Ente locale \u2013 si legge nella missiva &#8211; intende evidenziare che gli appartamenti messi in vendita, sono attualmente condotti in locazione da persone, per lo pi\u00f9 avanti con gli anni, che occupano le abitazioni da decenni e non hanno una capacit\u00e0 economica idonea a consentire il proposto acquisto n\u00e9 tanto meno possono far ricorso, per la loro et\u00e0, a forme di finanziamento da parte di istituti finanziari\u201d.<\/p>\n<p style=\"text-align: justify;\">Per l\u2019assessore Nasso e il sindaco Celentano la dismissione \u201crischia di provocare situazioni di grave disagio per i conduttori degli appartamenti\u201d \u201cSituazione, quest\u2019ultima, che il Comune di Latina intende, in ogni modo, impedire, non essendo in alcun modo tollerabile e sostenibile per una comunit\u00e0 di vedere sfrattate e messe in strada numerose famiglie, con ridotte capacit\u00e0 economiche, composte, per la quasi totalit\u00e0 da persone, per evidenti ragioni anagrafiche, ormai fuori dal mondo del lavoro ed incapaci di far ricorso alle pi\u00f9 semplici forme di credito per dare corso al proposto acquisto\u201d, hanno spiegato sindaco e assessore, definendo impensabile che la programmata dismissione \u201cpossa intervenire nel breve periodo che \u00e8 stato prefissato, se non attraverso una cospicua riduzione del prezzo di acquisto, al momento, richiesto\u201d.<\/p>\n<p style=\"text-align: justify;\">Il sindaco Celentano e l\u2019assessore Nasso, inoltre, hanno prospettato alla propriet\u00e0 di palazzo Lamaro anche un\u2019ulteriore opzione in favore degli inquilini. Si tratta della la vendita a riscatto con la conseguente possibilit\u00e0 di pagare il prezzo convenuto, decurtandolo dal canone.<\/p>\n<p style=\"text-align: justify;\">\u201cQuale ultima possibilit\u00e0, l\u2019Amministrazione \u2013 si legge al termine della missiva &#8211; sottopone l\u2019ipotesi di rinnovare le locazioni, per i soggetti che non sono in grado di sostenere il proposto acquisto, per il periodo di sei anni, pi\u00f9 due, ai sensi della L. n. 431\/98, prima di dare corso alla proposta cessione. Il Comune di Latina resta comunque disponibile per qualsiasi ulteriore forma di interlocuzione atta alla risoluzione della suesposta gravissima problematica\u201d.<\/p>\n","protected":false},"excerpt":{"rendered":"<p>LATINA &#8211; L\u2019amministrazione comunale di Latina ha messo nero su bianco le richieste rivolte alla societ\u00e0 Investire Scr-Fondo Aiace, titolare di palazzo Lamaro, per scongiurare il rischio che decine di famiglie possano trovarsi a breve in una situazione di emergenza abitativa.\u00a0Facendo seguito ai recenti incontri tra l\u2019assessore Michele Nasso, l\u2019avvocato Giacomo Mignano, delegato del sindaco [&hellip;]<\/p>\n","protected":false},"author":60,"featured_media":331760,"comment_status":"open","ping_status":"open","sticky":false,"template":"","format":"standard","meta":{"footnotes":""},"categories":[8],"tags":[],"class_list":["post-339011","post","type-post","status-publish","format-standard","has-post-thumbnail","hentry","category-politica"],"_links":{"self":[{"href":"https:\/\/www.radioluna.it\/news\/wp-json\/wp\/v2\/posts\/339011","targetHints":{"allow":["GET"]}}],"collection":[{"href":"https:\/\/www.radioluna.it\/news\/wp-json\/wp\/v2\/posts"}],"about":[{"href":"https:\/\/www.radioluna.it\/news\/wp-json\/wp\/v2\/types\/post"}],"author":[{"embeddable":true,"href":"https:\/\/www.radioluna.it\/news\/wp-json\/wp\/v2\/users\/60"}],"replies":[{"embeddable":true,"href":"https:\/\/www.radioluna.it\/news\/wp-json\/wp\/v2\/comments?post=339011"}],"version-history":[{"count":0,"href":"https:\/\/www.radioluna.it\/news\/wp-json\/wp\/v2\/posts\/339011\/revisions"}],"wp:featuredmedia":[{"embeddable":true,"href":"https:\/\/www.radioluna.it\/news\/wp-json\/wp\/v2\/media\/331760"}],"wp:attachment":[{"href":"https:\/\/www.radioluna.it\/news\/wp-json\/wp\/v2\/media?parent=339011"}],"wp:term":[{"taxonomy":"category","embeddable":true,"href":"https:\/\/www.radioluna.it\/news\/wp-json\/wp\/v2\/categories?post=339011"},{"taxonomy":"post_tag","embeddable":true,"href":"https:\/\/www.radioluna.it\/news\/wp-json\/wp\/v2\/tags?post=339011"}],"curies":[{"name":"wp","href":"https:\/\/api.w.org\/{rel}","templated":true}]}}