{"id":339013,"date":"2023-10-24T09:27:38","date_gmt":"2023-10-24T07:27:38","guid":{"rendered":"https:\/\/www.radioluna.it\/news\/?p=339013"},"modified":"2023-10-24T13:32:38","modified_gmt":"2023-10-24T11:32:38","slug":"a-latina-i-cieli-di-ninfa-di-patrizio-marafini","status":"publish","type":"post","link":"https:\/\/www.radioluna.it\/news\/2023\/10\/a-latina-i-cieli-di-ninfa-di-patrizio-marafini\/","title":{"rendered":"A Latina &#8220;I cieli di Ninfa&#8221; di Patrizio Marafini"},"content":{"rendered":"<div id=\"fb-root\"><\/div>\n<p style=\"text-align: justify;\">LATINA &#8211; Le opere di Patrizio Marafini saranno in mostra a Latina da gioved\u00ec 26 ottobre alle ore 18 da Spazio Idea in via Sisto V, a Latina.\u00a0Le opere sono un incontro tra i colori e le forme dell\u2019oasi di Ninfa e i versi di poeti. In entrambi i casi si generano emozioni, indispensabili per riflettere sull\u2019esistenza.<\/p>\n<p style=\"text-align: justify;\">Compagne del viaggio di Patrizio Marafini, da e verso Ninfa, sono quattro poesie che qui sono nate: \u201cViaggio a Ninfa con B\u201d di Libero de Libero, \u201cNinfa\u201d di Philippe Jaccotet, \u201cNinfa rivisitata\u201d di Giorgio Bassani, \u201cPerch\u00e9 di nero non si vesta\u201d (per un\u2019incisione di Patrizio Marafini) di Leone D\u2019Ambrosio. Sar\u00e0 l\u2019interpretazione di Nino Bernardini a dare anima alle composizioni.<\/p>\n<p style=\"text-align: justify;\">L&#8217;artista interpreta le suggestioni della citt\u00e0-giardino di Ninfa, costruzione ripetuta della natura, e la riveste di significati non consueti. \u00c8 un trasferimento dell&#8217;anima in un luogo degno di amore, ripetuto, conosciuto e riconosciuto prima dentro di s\u00e9, per poi essere trasferito in immagini sapientemente e magistralmente interpretate con incisioni di forte consapevolezza ed espressivit\u00e0 poetica, nelle linee di cerchi concentrici, in forme dove la composizione si distende. In tutte risuona il canto della strada fatta, l\u2019esperienza di un irripetibile \u2018hic et nunc\u2019, la ricerca della consapevolezza e della durata in un percorso di inaspettate rivelazioni per bagliori. Passi felici che devono essere sottratti ai limiti di una percezione inaffidabile, all\u2019inganno delle cose scontate e consumate, all\u2019usura del tempo che scorre. L&#8217;esposizione rester\u00e0 allestita per alcuni mesi.<\/p>\n<div class=\"radio-posizionamento-telefono-in-articoli-dopo-il-contenuto-articolo radio-entity-placement\" id=\"radio-2371535351\"><div id=\"radio-3893876298\"><a href=\"https:\/\/www.simeoneceramiche.com\/\" aria-label=\"SIMEONE CERAMICHE GIF animata per radioluna_Tavola disegno 1 copia 2 (online-video-cutter.com)\"><img loading=\"lazy\" decoding=\"async\" src=\"https:\/\/www.radioluna.it\/news\/wp-content\/uploads\/2025\/05\/SIMEONE-CERAMICHE-GIF-animata-per-radioluna_Tavola-disegno-1-copia-2-online-video-cutter.com_.gif\" alt=\"\"  width=\"300\" height=\"250\"   \/><\/a><\/div><\/div>","protected":false},"excerpt":{"rendered":"<p>LATINA &#8211; Le opere di Patrizio Marafini saranno in mostra a Latina da gioved\u00ec 26 ottobre alle ore 18 da Spazio Idea in via Sisto V, a Latina.\u00a0Le opere sono un incontro tra i colori e le forme dell\u2019oasi di Ninfa e i versi di poeti. In entrambi i casi si generano emozioni, indispensabili per [&hellip;]<\/p>\n","protected":false},"author":60,"featured_media":0,"comment_status":"open","ping_status":"open","sticky":false,"template":"","format":"standard","meta":{"footnotes":""},"categories":[16,734],"tags":[],"class_list":["post-339013","post","type-post","status-publish","format-standard","hentry","category-appuntamenti","category-evidenza"],"_links":{"self":[{"href":"https:\/\/www.radioluna.it\/news\/wp-json\/wp\/v2\/posts\/339013","targetHints":{"allow":["GET"]}}],"collection":[{"href":"https:\/\/www.radioluna.it\/news\/wp-json\/wp\/v2\/posts"}],"about":[{"href":"https:\/\/www.radioluna.it\/news\/wp-json\/wp\/v2\/types\/post"}],"author":[{"embeddable":true,"href":"https:\/\/www.radioluna.it\/news\/wp-json\/wp\/v2\/users\/60"}],"replies":[{"embeddable":true,"href":"https:\/\/www.radioluna.it\/news\/wp-json\/wp\/v2\/comments?post=339013"}],"version-history":[{"count":1,"href":"https:\/\/www.radioluna.it\/news\/wp-json\/wp\/v2\/posts\/339013\/revisions"}],"predecessor-version":[{"id":339031,"href":"https:\/\/www.radioluna.it\/news\/wp-json\/wp\/v2\/posts\/339013\/revisions\/339031"}],"wp:attachment":[{"href":"https:\/\/www.radioluna.it\/news\/wp-json\/wp\/v2\/media?parent=339013"}],"wp:term":[{"taxonomy":"category","embeddable":true,"href":"https:\/\/www.radioluna.it\/news\/wp-json\/wp\/v2\/categories?post=339013"},{"taxonomy":"post_tag","embeddable":true,"href":"https:\/\/www.radioluna.it\/news\/wp-json\/wp\/v2\/tags?post=339013"}],"curies":[{"name":"wp","href":"https:\/\/api.w.org\/{rel}","templated":true}]}}