{"id":339019,"date":"2023-10-24T10:34:17","date_gmt":"2023-10-24T08:34:17","guid":{"rendered":"https:\/\/www.radioluna.it\/news\/?p=339019"},"modified":"2023-10-24T10:34:17","modified_gmt":"2023-10-24T08:34:17","slug":"puliamo-il-mondo-latina-aderisce","status":"publish","type":"post","link":"https:\/\/www.radioluna.it\/news\/2023\/10\/puliamo-il-mondo-latina-aderisce\/","title":{"rendered":"&#8220;Puliamo il mondo&#8221;, Latina aderisce"},"content":{"rendered":"<div id=\"fb-root\"><\/div>\n<p style=\"text-align: justify;\"><strong>LATINA &#8211;<\/strong> Latina aderisce all\u2019appuntamento di volontariato ambientale \u201cPuliamo il mondo\u201d promosso da Legambiente. Le iniziative si svolgeranno il 26, 27 e 28 ottobre e saranno dedicate alla pulizia delle aree limitrofe al Canale Matropietro, in localit\u00e0 Stella Maris, al Canale Acque Medie, in localit\u00e0 via Epitaffio, e al Ponte delle Comete. L\u2019evento verr\u00e0 presentato alle ore 9.30 del 26 ottobre presso Capoportiere, sul lungomare di Latina, dove Abc posizioner\u00e0 un gazebo per la distribuzione del materiale di raccolta differenziata per i volontari. Interverr\u00e0 l\u2019assessore all\u2019Ambiente Franco Addonizio che, insieme agli uffici del servizio Ambiente del Comune di Latina e agli altri partecipanti, fornir\u00e0 istruzioni sulle attivit\u00e0 da svolgere.<\/p>\n<p><span>L\u2019iniziativa \u00e8 stata organizzata dal Comune di Latina con la collaborazione dell\u2019azienda speciale Abc, che ha messo a disposizione i materiali per la raccolta dei rifiuti. Parteciperanno anche le scuole Ecoschools con circa 200 studenti, i tre centri diurni del Comune di Latina, gestiti dalla cooperativa OSA, e il centro diurno Cintura d\u2019Orione di Aprilia, oltre alle associazioni Plastic Free e Circolo Arcobaleno Pontino Legambiente e agli altri enti con cui il Comune condivide gli obiettivi ossia il Consorzio di Bonifica Lazio Sud Overst e la Asl di Latina &#8211; Dipartimento di prevenzione \u2013 UOC Prevenzione attiva.<\/span><\/p>\n<div class=\"radio-posizionamento-telefono-in-articoli-dopo-il-contenuto-articolo radio-entity-placement\" id=\"radio-2926361109\"><div id=\"radio-3464073989\"><a href=\"https:\/\/grupporedi.it\/\" aria-label=\"Redi-Qr\"><img loading=\"lazy\" decoding=\"async\" src=\"https:\/\/www.radioluna.it\/news\/wp-content\/uploads\/2026\/03\/Redi-Qr.jpg\" alt=\"\"  srcset=\"https:\/\/www.radioluna.it\/news\/wp-content\/uploads\/2026\/03\/Redi-Qr.jpg 800w, https:\/\/www.radioluna.it\/news\/wp-content\/uploads\/2026\/03\/Redi-Qr-768x639.jpg 768w\" sizes=\"(max-width: 800px) 100vw, 800px\" width=\"300\" height=\"250\"   \/><\/a><\/div><\/div>","protected":false},"excerpt":{"rendered":"<p>LATINA &#8211; Latina aderisce all\u2019appuntamento di volontariato ambientale \u201cPuliamo il mondo\u201d promosso da Legambiente. Le iniziative si svolgeranno il 26, 27 e 28 ottobre e saranno dedicate alla pulizia delle aree limitrofe al Canale Matropietro, in localit\u00e0 Stella Maris, al Canale Acque Medie, in localit\u00e0 via Epitaffio, e al Ponte delle Comete. L\u2019evento verr\u00e0 presentato [&hellip;]<\/p>\n","protected":false},"author":60,"featured_media":0,"comment_status":"open","ping_status":"open","sticky":false,"template":"","format":"standard","meta":{"footnotes":""},"categories":[12,734],"tags":[],"class_list":["post-339019","post","type-post","status-publish","format-standard","hentry","category-ambiente","category-evidenza"],"_links":{"self":[{"href":"https:\/\/www.radioluna.it\/news\/wp-json\/wp\/v2\/posts\/339019","targetHints":{"allow":["GET"]}}],"collection":[{"href":"https:\/\/www.radioluna.it\/news\/wp-json\/wp\/v2\/posts"}],"about":[{"href":"https:\/\/www.radioluna.it\/news\/wp-json\/wp\/v2\/types\/post"}],"author":[{"embeddable":true,"href":"https:\/\/www.radioluna.it\/news\/wp-json\/wp\/v2\/users\/60"}],"replies":[{"embeddable":true,"href":"https:\/\/www.radioluna.it\/news\/wp-json\/wp\/v2\/comments?post=339019"}],"version-history":[{"count":0,"href":"https:\/\/www.radioluna.it\/news\/wp-json\/wp\/v2\/posts\/339019\/revisions"}],"wp:attachment":[{"href":"https:\/\/www.radioluna.it\/news\/wp-json\/wp\/v2\/media?parent=339019"}],"wp:term":[{"taxonomy":"category","embeddable":true,"href":"https:\/\/www.radioluna.it\/news\/wp-json\/wp\/v2\/categories?post=339019"},{"taxonomy":"post_tag","embeddable":true,"href":"https:\/\/www.radioluna.it\/news\/wp-json\/wp\/v2\/tags?post=339019"}],"curies":[{"name":"wp","href":"https:\/\/api.w.org\/{rel}","templated":true}]}}