{"id":339044,"date":"2023-10-24T14:53:41","date_gmt":"2023-10-24T12:53:41","guid":{"rendered":"https:\/\/www.radioluna.it\/news\/?p=339044"},"modified":"2023-10-25T10:21:14","modified_gmt":"2023-10-25T08:21:14","slug":"fermata-ad-aprilia-in-auto-i-carabinieri-arrestano-lady-furto","status":"publish","type":"post","link":"https:\/\/www.radioluna.it\/news\/2023\/10\/fermata-ad-aprilia-in-auto-i-carabinieri-arrestano-lady-furto\/","title":{"rendered":"Fermata ad Aprilia in auto,  i carabinieri arrestano Lady Furto"},"content":{"rendered":"<div id=\"fb-root\"><\/div>\n<p style=\"text-align: justify;\"><strong>APRILIA<\/strong> &#8211; La chiamano Lady Furto,\u00a0 giovane e gi\u00e0 destinataria di un provvedimento di esecuzione di pene concorrenti con ordine di carcerazione per 13 anni e 11 mesi di reclusione, emesso dall\u2019Ufficio Esecuzioni Penali del Tribunale Ordinario di Latina, per reati contro il patrimonio commessi a Pescara, Roma, Tivoli, Velletri e Cassino.<\/p>\n<p style=\"text-align: justify;\">Ieri sera la donna \u00e8 stata fermata dalla Sezione Radiomobile dei carabinieri del Reparto Territoriale di Aprilia durante un servizio di controllo, seduta sul sedile passeggero di un\u2019auto. Quando le hanno chiesto le generalit\u00e0 ha pensato di mentire ma i successivi accertamenti hanno appurato che erano false. La verit\u00e0 \u00e8 emersa dai riscontri dattiloscopici e la donna conosciuta appunto con l\u2019eloquente\u00a0 soprannome proprio per le tante vicende giudiziarie legate a reati contro il patrimonio, \u00e8 stata arrestata e portata della Casa Circondariale di Roma-Rebibbia.<\/p>\n","protected":false},"excerpt":{"rendered":"<p>APRILIA &#8211; La chiamano Lady Furto,\u00a0 giovane e gi\u00e0 destinataria di un provvedimento di esecuzione di pene concorrenti con ordine di carcerazione per 13 anni e 11 mesi di reclusione, emesso dall\u2019Ufficio Esecuzioni Penali del Tribunale Ordinario di Latina, per reati contro il patrimonio commessi a Pescara, Roma, Tivoli, Velletri e Cassino. Ieri sera la [&hellip;]<\/p>\n","protected":false},"author":62,"featured_media":291907,"comment_status":"open","ping_status":"open","sticky":false,"template":"","format":"standard","meta":{"footnotes":""},"categories":[7,2428],"tags":[],"class_list":["post-339044","post","type-post","status-publish","format-standard","has-post-thumbnail","hentry","category-cronaca","category-primo-piano"],"_links":{"self":[{"href":"https:\/\/www.radioluna.it\/news\/wp-json\/wp\/v2\/posts\/339044","targetHints":{"allow":["GET"]}}],"collection":[{"href":"https:\/\/www.radioluna.it\/news\/wp-json\/wp\/v2\/posts"}],"about":[{"href":"https:\/\/www.radioluna.it\/news\/wp-json\/wp\/v2\/types\/post"}],"author":[{"embeddable":true,"href":"https:\/\/www.radioluna.it\/news\/wp-json\/wp\/v2\/users\/62"}],"replies":[{"embeddable":true,"href":"https:\/\/www.radioluna.it\/news\/wp-json\/wp\/v2\/comments?post=339044"}],"version-history":[{"count":3,"href":"https:\/\/www.radioluna.it\/news\/wp-json\/wp\/v2\/posts\/339044\/revisions"}],"predecessor-version":[{"id":339051,"href":"https:\/\/www.radioluna.it\/news\/wp-json\/wp\/v2\/posts\/339044\/revisions\/339051"}],"wp:featuredmedia":[{"embeddable":true,"href":"https:\/\/www.radioluna.it\/news\/wp-json\/wp\/v2\/media\/291907"}],"wp:attachment":[{"href":"https:\/\/www.radioluna.it\/news\/wp-json\/wp\/v2\/media?parent=339044"}],"wp:term":[{"taxonomy":"category","embeddable":true,"href":"https:\/\/www.radioluna.it\/news\/wp-json\/wp\/v2\/categories?post=339044"},{"taxonomy":"post_tag","embeddable":true,"href":"https:\/\/www.radioluna.it\/news\/wp-json\/wp\/v2\/tags?post=339044"}],"curies":[{"name":"wp","href":"https:\/\/api.w.org\/{rel}","templated":true}]}}