{"id":339114,"date":"2023-10-25T13:04:25","date_gmt":"2023-10-25T11:04:25","guid":{"rendered":"https:\/\/www.radioluna.it\/news\/?p=339114"},"modified":"2023-11-06T11:24:02","modified_gmt":"2023-11-06T10:24:02","slug":"latina-topo-in-una-classe-della-suola-giuliano-durante-lora-di-lezione-e-panico","status":"publish","type":"post","link":"https:\/\/www.radioluna.it\/news\/2023\/10\/latina-topo-in-una-classe-della-suola-giuliano-durante-lora-di-lezione-e-panico\/","title":{"rendered":"Latina, topo in una classe della scuola media Giuliano durante l&#8217;ora di lezione: \u00e8 panico"},"content":{"rendered":"<div id=\"fb-root\"><\/div>\n<p style=\"text-align: justify;\"><strong>LATINA &#8211; <\/strong>Un topo \u00e8 entrato in una classe al piano terra della scuola media Giuseppe Giuliano di Latina scatenando il panico. E&#8217; accaduto ieri mattina durante l&#8217;orario di lezione e lo spavento dei ragazzi di prima media che erano seduti ai banchi \u00e8 stato immediatamente condiviso dall&#8217;intero plesso a causa delle urla generate pi\u00f9 dalla sorpresa di trovarsi in aula di fronte ad un topo che dal reale pericolo. Alla fine l&#8217;animaletto \u00e8 fuggito uscendo dalla finestra dopo essere passato tra i piedi degli alunni. La scena si pu\u00f2 facilmente immaginare.<\/p>\n<p style=\"text-align: justify;\">&#8220;Siamo intervenuti immediatamente e abbiamo chiesto per vie ufficiali al Comune di provvedere ad una disinfestazione ricevendo rassicurazioni a voce e dunque informali, ma non ancora un appuntamento per la bonifica. Restiamo in attesa, nella speranza che siano celeri &#8211; spiega la dirigente Cherubina Ramacci\u00a0 &#8211;\u00a0 Provvedere da soli avrebbe sicuramente tempi pi\u00f9 lunghi per la necessit\u00e0 di rispettare la procedura. Gi\u00e0 a settembre eravamo dovuti intervenire in autonomia per bonificare un nido di vespe prima dell&#8217;inizio delle lezioni &#8220;.<\/p>\n<p style=\"text-align: justify;\">Non \u00e8 la prima volta che si vedono roditori nel plesso: &#8220;Sono in questo istituto da 14 anni\u00a0 &#8211; ricorda la dirigente &#8211; e gi\u00e0 nel primo anno avevo segnalato la presenza di piccoli topi di campagna nell&#8217;intercapedine del solaio perch\u00e9 l&#8217;area \u00e8 vicina a un terreno incolto e confina con un canale interrato. Grazie ad alcuni interventi le cose si erano sistemate e da qualche anno non avevamo pi\u00f9 visite. Ma ora i lavori nell&#8217;area dell&#8217;ex Evergreen, dove sono stati smossi notevoli quantitativi di terra e che non sono terminati nei tempi previsti, hanno riproposto il problema&#8221;.<\/p>\n<p style=\"text-align: justify;\">L&#8217;agitazione tra chi studia e chi lavora nel plesso in queste ore \u00e8 palpabile. Un topo era stato visto gi\u00e0 nei giorni scorsi nel giardino della vicina scuola dell&#8217;Infanzia.<\/p>\n","protected":false},"excerpt":{"rendered":"<p>LATINA &#8211; Un topo \u00e8 entrato in una classe al piano terra della scuola media Giuseppe Giuliano di Latina scatenando il panico. E&#8217; accaduto ieri mattina durante l&#8217;orario di lezione e lo spavento dei ragazzi di prima media che erano seduti ai banchi \u00e8 stato immediatamente condiviso dall&#8217;intero plesso a causa delle urla generate pi\u00f9 [&hellip;]<\/p>\n","protected":false},"author":62,"featured_media":274301,"comment_status":"open","ping_status":"open","sticky":false,"template":"","format":"standard","meta":{"footnotes":""},"categories":[7,2428],"tags":[],"class_list":["post-339114","post","type-post","status-publish","format-standard","has-post-thumbnail","hentry","category-cronaca","category-primo-piano"],"_links":{"self":[{"href":"https:\/\/www.radioluna.it\/news\/wp-json\/wp\/v2\/posts\/339114","targetHints":{"allow":["GET"]}}],"collection":[{"href":"https:\/\/www.radioluna.it\/news\/wp-json\/wp\/v2\/posts"}],"about":[{"href":"https:\/\/www.radioluna.it\/news\/wp-json\/wp\/v2\/types\/post"}],"author":[{"embeddable":true,"href":"https:\/\/www.radioluna.it\/news\/wp-json\/wp\/v2\/users\/62"}],"replies":[{"embeddable":true,"href":"https:\/\/www.radioluna.it\/news\/wp-json\/wp\/v2\/comments?post=339114"}],"version-history":[{"count":12,"href":"https:\/\/www.radioluna.it\/news\/wp-json\/wp\/v2\/posts\/339114\/revisions"}],"predecessor-version":[{"id":339885,"href":"https:\/\/www.radioluna.it\/news\/wp-json\/wp\/v2\/posts\/339114\/revisions\/339885"}],"wp:featuredmedia":[{"embeddable":true,"href":"https:\/\/www.radioluna.it\/news\/wp-json\/wp\/v2\/media\/274301"}],"wp:attachment":[{"href":"https:\/\/www.radioluna.it\/news\/wp-json\/wp\/v2\/media?parent=339114"}],"wp:term":[{"taxonomy":"category","embeddable":true,"href":"https:\/\/www.radioluna.it\/news\/wp-json\/wp\/v2\/categories?post=339114"},{"taxonomy":"post_tag","embeddable":true,"href":"https:\/\/www.radioluna.it\/news\/wp-json\/wp\/v2\/tags?post=339114"}],"curies":[{"name":"wp","href":"https:\/\/api.w.org\/{rel}","templated":true}]}}