{"id":339132,"date":"2023-10-25T13:41:13","date_gmt":"2023-10-25T11:41:13","guid":{"rendered":"https:\/\/www.radioluna.it\/news\/?p=339132"},"modified":"2023-10-25T13:41:13","modified_gmt":"2023-10-25T11:41:13","slug":"bretella-cisterna-valmontone-il-sindaco-mantini-attendiamo-la-data-dellassemblea-pubblica-in-cui-il-commissario-informera-nel-dettaglio-la-comunita","status":"publish","type":"post","link":"https:\/\/www.radioluna.it\/news\/2023\/10\/bretella-cisterna-valmontone-il-sindaco-mantini-attendiamo-la-data-dellassemblea-pubblica-in-cui-il-commissario-informera-nel-dettaglio-la-comunita\/","title":{"rendered":"Bretella Cisterna-Valmontone,  il sindaco Mantini: \u00abAttendiamo la data dell\u2019assemblea pubblica in cui il Commissario informer\u00e0 nel dettaglio la comunit\u00e0\u00bb"},"content":{"rendered":"<div id=\"fb-root\"><\/div>\n<p style=\"text-align: justify;\"><strong>CISTERNA &#8211;<\/strong>\u00a0Il sindaco di Cisterna Valentino Mantini ha partecipato all\u2019audizione della VI Commissione permanente del Consiglio della Regione Lazio \u201cLavori pubblici, infrastrutture, mobilit\u00e0, trasporti\u201d, presieduta da Cosmo Mitrano, sullo stato di avanzamento dei lavori per la realizzazione dell\u2019autostrada Roma-Latina e della bretella Cisterna-Valmontone, insieme con l\u2019assessore ai lavori pubblici del Comune di Cisterna Andrea Santilli.<\/p>\n<p style=\"text-align: justify;\">\u00abIl Commissario straordinario Antonio Mallamo ha annunciato la volont\u00e0 di fare assemblee pubbliche per presentare i progetti, volont\u00e0 gi\u00e0 espressa da questa Amministrazione a beneficio della nostra comunit\u00e0 \u2013 ha detto il sindaco Mantini \u2013. L\u2019opera sar\u00e0 suddivisa in lotti: il primo va dallo svincolo di interconnessione con la Pontina a Campoverde e arriva fino alla S.S. 7 Appia con un inizio lavori prevedibile per gennaio 2025. Allo svincolo con la tangenziale di Cisterna, altezza Collina dei Pini, inizia il lotto due, su cui abbiamo chiesto di porre la massima attenzione\u00bb.<\/p>\n<p style=\"text-align: justify;\">\u00abGli espropri dei terreni a Cisterna non sono ancora cominciati. Si dovranno ultimare entro agosto 2024, ultima data utile per evitare che scada il vincolo di pubblica utilit\u00e0 &#8211; ha aggiunto ancora il sindaco Mantini -. Il Commissario straordinario ha assicurato che intender\u00e0 riconoscere il \u201cvalore massimo del giusto\u201d a cui aggiunger\u00e0 il valore agricolo medio (VAM) e che i proprietari dei terreni espropriati saranno pagati in 60 giorni\u00bb.<\/p>\n<p style=\"text-align: justify;\">\u00abAttendiamo la data dell\u2019assemblea pubblica in cui il Commissario Antonio Mallamo informer\u00e0 nel dettaglio la nostra comunit\u00e0 su un\u2019opera strategica e fondamentale come la bretella Cisterna-Valmontone \u2013 ha concluso il sindaco Valentino Mantini \u2013. Cisterna sar\u00e0 coinvolta in modo sostanziale da questa importantissima opera. Verr\u00e0 infatti realizzato uno svincolo con la Tangenziale Appia all\u2019altezza di Collina dei Pini e l\u2019attraversamento dello snodo con la S.S. 7 Appia, motivo per cui abbiamo colto l\u2019occasione per porre massima attenzione ai cambiamenti della nostra citt\u00e0, tutti sicuramenti migliorativi della rete infrastrutturale\u00bb.<\/p>\n<p>&nbsp;<\/p>\n","protected":false},"excerpt":{"rendered":"<p>CISTERNA &#8211;\u00a0Il sindaco di Cisterna Valentino Mantini ha partecipato all\u2019audizione della VI Commissione permanente del Consiglio della Regione Lazio \u201cLavori pubblici, infrastrutture, mobilit\u00e0, trasporti\u201d, presieduta da Cosmo Mitrano, sullo stato di avanzamento dei lavori per la realizzazione dell\u2019autostrada Roma-Latina e della bretella Cisterna-Valmontone, insieme con l\u2019assessore ai lavori pubblici del Comune di Cisterna Andrea Santilli. [&hellip;]<\/p>\n","protected":false},"author":60,"featured_media":315803,"comment_status":"open","ping_status":"open","sticky":false,"template":"","format":"standard","meta":{"footnotes":""},"categories":[735,2428],"tags":[],"class_list":["post-339132","post","type-post","status-publish","format-standard","has-post-thumbnail","hentry","category-attualita","category-primo-piano"],"_links":{"self":[{"href":"https:\/\/www.radioluna.it\/news\/wp-json\/wp\/v2\/posts\/339132","targetHints":{"allow":["GET"]}}],"collection":[{"href":"https:\/\/www.radioluna.it\/news\/wp-json\/wp\/v2\/posts"}],"about":[{"href":"https:\/\/www.radioluna.it\/news\/wp-json\/wp\/v2\/types\/post"}],"author":[{"embeddable":true,"href":"https:\/\/www.radioluna.it\/news\/wp-json\/wp\/v2\/users\/60"}],"replies":[{"embeddable":true,"href":"https:\/\/www.radioluna.it\/news\/wp-json\/wp\/v2\/comments?post=339132"}],"version-history":[{"count":1,"href":"https:\/\/www.radioluna.it\/news\/wp-json\/wp\/v2\/posts\/339132\/revisions"}],"predecessor-version":[{"id":339133,"href":"https:\/\/www.radioluna.it\/news\/wp-json\/wp\/v2\/posts\/339132\/revisions\/339133"}],"wp:featuredmedia":[{"embeddable":true,"href":"https:\/\/www.radioluna.it\/news\/wp-json\/wp\/v2\/media\/315803"}],"wp:attachment":[{"href":"https:\/\/www.radioluna.it\/news\/wp-json\/wp\/v2\/media?parent=339132"}],"wp:term":[{"taxonomy":"category","embeddable":true,"href":"https:\/\/www.radioluna.it\/news\/wp-json\/wp\/v2\/categories?post=339132"},{"taxonomy":"post_tag","embeddable":true,"href":"https:\/\/www.radioluna.it\/news\/wp-json\/wp\/v2\/tags?post=339132"}],"curies":[{"name":"wp","href":"https:\/\/api.w.org\/{rel}","templated":true}]}}