{"id":339139,"date":"2023-10-25T15:51:18","date_gmt":"2023-10-25T13:51:18","guid":{"rendered":"https:\/\/www.radioluna.it\/news\/?p=339139"},"modified":"2023-10-25T15:51:18","modified_gmt":"2023-10-25T13:51:18","slug":"ppe-di-borgo-carso-ok-della-commissione-allampliamento-del-perimetro","status":"publish","type":"post","link":"https:\/\/www.radioluna.it\/news\/2023\/10\/ppe-di-borgo-carso-ok-della-commissione-allampliamento-del-perimetro\/","title":{"rendered":"Ppe di Borgo Carso, ok della commissione all\u2019ampliamento del perimetro"},"content":{"rendered":"<div id=\"fb-root\"><\/div>\n<p style=\"text-align: justify;\"><strong>LATINA &#8211;<\/strong> \u201cSono molto soddisfatta dell\u2019esito della seduta della commissione Urbanistica che oggi ha approvato all\u2019unanimit\u00e0 l\u2019ampliamento del perimetro del piano particolareggiato di Borgo Carso\u201d. Con queste parole l\u2019assessore all\u2019Urbanistica Annalisa Muzio conferma &#8220;l\u2019accelerazione impressa dall\u2019amministrazione Celentano sulla pianificazione territoriale&#8221;.<\/p>\n<p style=\"text-align: justify;\">\u201cStiamo lavorando \u2013 ha dichiarato l\u2019assessore &#8211; su un doppio fronte, portando avanti contestualmente tanto l\u2019attivit\u00e0 di revisione dei piani particolareggiati, quanto l\u2019azione di attuazione dei nuovi strumenti pianificatori come il Programma integrato di intervento, il cosiddetto Print. Nella seduta odierna si \u00e8 proceduto all\u2019esame della seconda bozza del regolamento dei Print che, quindi, a breve sar\u00e0 fruibile dai cittadini e da tutti gli operatori di settore. Al contempo si \u00e8 proceduto ad una modifica del progetto di Ppe di Borgo Carso che consentir\u00e0, finalmente, di procedere con l\u2019esame della consistenza edilizia, della verifica delle volumetrie esistenti oltre a tutti gli altri adempimenti necessari e che porteranno il Piano alla sua approvazione in Consiglio comunale. Un piano che consentir\u00e0 al borgo di usufruire di nuova viabilit\u00e0 e servizi anche nella zona del centro sportivo\u201d.<\/p>\n<p style=\"text-align: justify;\">L\u2019assessore Muzio ha sottolineato che la votazione di oggi all\u2019unanimit\u00e0 rappresenta \u201cfinalmente il cambio di passo su una procedura che era letteralmente ferma da anni\u201d.<\/p>\n<p style=\"text-align: justify;\">\u201cRingrazio \u2013 ha aggiunto l\u2019assessore Muzio &#8211; il lavoro svolto dagli uffici, rappresentati oggi dall\u2019architetto Umberto Cappiello, dall\u2019ingegnere Sebastiano Caschera e dal nuovo dirigente Paolo Cestra, e mi congratulo con il presidente della commissione Roberto Belvisi per l\u2019efficacia dell\u2019azione impressa sull\u2019andamento dei lavori di questo importante organismo consiliare. Ringrazio tutti i commissari che oggi hanno dato soddisfazione alla proposta con un voto unanime \u201d.<\/p>\n<p style=\"text-align: justify;\">L\u2019assessore Muzio, inoltre, ha condiviso e fatto suo l\u2019invito \u00a0del commissario Renzo Scalco per applicare la stessa modalit\u00e0 operativa e fattiva, utilizzata per Borgo Carso, anche per gli altri borghi di Latina: \u201cColgo l\u2019occasione per confermare la volont\u00e0 di rendere massimamente operativa la delega ai Borghi anche per la pianificazione urbanistica di queste aree. A tale proposito, in commissione si \u00e8 proposto di riportare a stretto giro anche l\u2019esame della bozza di regolamento della Consulta per i Borghi in modo da poter addivenire a una definizione anche di questo\u201d, ha concluso l\u2019assessore Muzio.<\/p>\n","protected":false},"excerpt":{"rendered":"<p>LATINA &#8211; \u201cSono molto soddisfatta dell\u2019esito della seduta della commissione Urbanistica che oggi ha approvato all\u2019unanimit\u00e0 l\u2019ampliamento del perimetro del piano particolareggiato di Borgo Carso\u201d. Con queste parole l\u2019assessore all\u2019Urbanistica Annalisa Muzio conferma &#8220;l\u2019accelerazione impressa dall\u2019amministrazione Celentano sulla pianificazione territoriale&#8221;. \u201cStiamo lavorando \u2013 ha dichiarato l\u2019assessore &#8211; su un doppio fronte, portando avanti contestualmente tanto [&hellip;]<\/p>\n","protected":false},"author":60,"featured_media":312587,"comment_status":"open","ping_status":"open","sticky":false,"template":"","format":"standard","meta":{"footnotes":""},"categories":[8],"tags":[],"class_list":["post-339139","post","type-post","status-publish","format-standard","has-post-thumbnail","hentry","category-politica"],"_links":{"self":[{"href":"https:\/\/www.radioluna.it\/news\/wp-json\/wp\/v2\/posts\/339139","targetHints":{"allow":["GET"]}}],"collection":[{"href":"https:\/\/www.radioluna.it\/news\/wp-json\/wp\/v2\/posts"}],"about":[{"href":"https:\/\/www.radioluna.it\/news\/wp-json\/wp\/v2\/types\/post"}],"author":[{"embeddable":true,"href":"https:\/\/www.radioluna.it\/news\/wp-json\/wp\/v2\/users\/60"}],"replies":[{"embeddable":true,"href":"https:\/\/www.radioluna.it\/news\/wp-json\/wp\/v2\/comments?post=339139"}],"version-history":[{"count":0,"href":"https:\/\/www.radioluna.it\/news\/wp-json\/wp\/v2\/posts\/339139\/revisions"}],"wp:featuredmedia":[{"embeddable":true,"href":"https:\/\/www.radioluna.it\/news\/wp-json\/wp\/v2\/media\/312587"}],"wp:attachment":[{"href":"https:\/\/www.radioluna.it\/news\/wp-json\/wp\/v2\/media?parent=339139"}],"wp:term":[{"taxonomy":"category","embeddable":true,"href":"https:\/\/www.radioluna.it\/news\/wp-json\/wp\/v2\/categories?post=339139"},{"taxonomy":"post_tag","embeddable":true,"href":"https:\/\/www.radioluna.it\/news\/wp-json\/wp\/v2\/tags?post=339139"}],"curies":[{"name":"wp","href":"https:\/\/api.w.org\/{rel}","templated":true}]}}