{"id":339165,"date":"2023-10-26T08:03:34","date_gmt":"2023-10-26T06:03:34","guid":{"rendered":"https:\/\/www.radioluna.it\/news\/?p=339165"},"modified":"2023-10-26T08:03:34","modified_gmt":"2023-10-26T06:03:34","slug":"laccademia-permanente-degli-studi-e-delle-arti-di-latina-e-provincia-al-centro-anziani-vittorio-veneto","status":"publish","type":"post","link":"https:\/\/www.radioluna.it\/news\/2023\/10\/laccademia-permanente-degli-studi-e-delle-arti-di-latina-e-provincia-al-centro-anziani-vittorio-veneto\/","title":{"rendered":"L\u2019Accademia permanente degli studi e delle arti di Latina e Provincia al centro anziani Vittorio Veneto"},"content":{"rendered":"<div id=\"fb-root\"><\/div>\n<p style=\"text-align: justify;\"><strong>LATINA &#8211;<\/strong> Il Centro socio-culturale anziani Vittorio Veneto di Latina \u00e8 una realt\u00e0 che vuole comunicare con il territorio, facendo s\u00ec che gli anziani siano sempre al passo con la societ\u00e0, coinvolgendoli in attivit\u00e0\u00a0 formative e culturali. In quest\u2019ottica, l\u2019Accademia permanente degli studi e delle arti di Latina e provincia- APS, rappresenta un vero e proprio punto di forza del Centro.<\/p>\n<p style=\"text-align: justify;\">Istituita nel 2000 dall\u2019allora storico Presidente del Centro, Cav. Aldo Pastore -che rimase in carica per pi\u00f9 di venti anni-, ha un proprio statuto in cui \u00e8 denominata \u201cUniversit\u00e0 della terza et\u00e0\u201d, ma preferiamo chiamarla \u201cAccademia\u201d proprio perch\u00e9 intende rivolgersi a tutti gli utenti che ne facciano richiesta, anche ai pi\u00f9 giovani, come ultimamente sta accadendo.<\/p>\n<p style=\"text-align: justify;\">Prese piede lentamente, dapprima con pochi corsi, che sono andati via via aumentando sino a raggiungere l\u2019attuale numero di trenta, tenuti da docenti \u00a0qualificati e frequentati da circa duecento allievi. Le discipline spaziano da materie scientifiche a umanistiche, fino ad arrivare all\u2019inglese e all\u2019informatica, importanti per non relegare i cittadini pi\u00f9 anziani ai margini di una societ\u00e0 digitalizzata e in cui l\u2019inglese prende sempre pi\u00f9 piede nel linguaggio quotidiano. Ci sono anche corsi che privilegiano attivit\u00e0 di svago, come chitarra, fotografia o maglia, e altri volti al conseguimento del benessere psicofisico, quali yoga. Per l\u2019accesso non ci sono limiti di et\u00e0 e non \u00e8 richiesto nessun titolo di studio, basta l\u2019iscrizione al Centro socio-culturale.<\/p>\n<p style=\"text-align: justify;\">L\u2019Accademia\u00a0ha come obiettivo la socializzazione costruttiva, affermando una nuova cultura dell\u2019anziano e del suo protagonismo nella realt\u00e0 sociale. Dare vita ad iniziative in sinergia con le giovani generazioni. Ricordare alle istituzioni che l\u2019anziano non \u00e8 un problema ma una risorsa, un patrimonio, \u00e8 la memoria storica della nostra citt\u00e0. Il nostro scopo \u00e8 rendere l\u2019Accademia un luogo ove le persone possano trascorrere serenamente e in maniera impegnata il proprio tempo libero.<\/p>\n<p style=\"text-align: justify;\">Dal 2018 Presidente dell\u2019Accademia \u00e8 Fausto Bonifacio, presidente del Centro stesso e docente di chimica del quotidiano, che tiene a sottolineare che \u201cla Cultura \u00e8 il motore della societ\u00e0 e anche i diversamente giovani possono e devono dare il loro contributo in una citt\u00e0 come Latina dove, purtroppo, la cultura non ha molti spazi\u201d.<\/p>\n<p>Un luogo per chi ha fame di cultura, quindi. Senza cultura non c\u2019\u00e8 appartenenza, fondamentale, insieme alla memoria, per la formazione e il mantenimento di un\u2019identit\u00e0 civica. E l\u2019identit\u00e0 civica non ha et\u00e0.<\/p>\n<p>L\u2019iscrizione ai corsi pu\u00f2 essere effettuata rivolgendosi in segreteria il luned\u00ec, mercoled\u00ec e venerd\u00ec dalle 9,30 alle 11,30.<\/p>\n<p>L\u2019anno accademico va da ottobre a maggio.<\/p>\n<p>INFO<\/p>\n<p>Tel. 0773.663206<\/p>\n<p>e-mail \u00a0v.veneto@centroanziani.it<\/p>\n<div class=\"radio-posizionamento-telefono-in-articoli-dopo-il-contenuto-articolo radio-entity-placement\" id=\"radio-2604113586\"><div id=\"radio-3363477361\"><a href=\"https:\/\/www.simeoneceramiche.com\/\" aria-label=\"SIMEONE CERAMICHE GIF animata per radioluna_Tavola disegno 1 copia 2 (online-video-cutter.com)\"><img loading=\"lazy\" decoding=\"async\" src=\"https:\/\/www.radioluna.it\/news\/wp-content\/uploads\/2025\/05\/SIMEONE-CERAMICHE-GIF-animata-per-radioluna_Tavola-disegno-1-copia-2-online-video-cutter.com_.gif\" alt=\"\"  width=\"300\" height=\"250\"   \/><\/a><\/div><\/div>","protected":false},"excerpt":{"rendered":"<p>LATINA &#8211; Il Centro socio-culturale anziani Vittorio Veneto di Latina \u00e8 una realt\u00e0 che vuole comunicare con il territorio, facendo s\u00ec che gli anziani siano sempre al passo con la societ\u00e0, coinvolgendoli in attivit\u00e0\u00a0 formative e culturali. In quest\u2019ottica, l\u2019Accademia permanente degli studi e delle arti di Latina e provincia- APS, rappresenta un vero e [&hellip;]<\/p>\n","protected":false},"author":60,"featured_media":0,"comment_status":"open","ping_status":"open","sticky":false,"template":"","format":"standard","meta":{"footnotes":""},"categories":[16,734],"tags":[],"class_list":["post-339165","post","type-post","status-publish","format-standard","hentry","category-appuntamenti","category-evidenza"],"_links":{"self":[{"href":"https:\/\/www.radioluna.it\/news\/wp-json\/wp\/v2\/posts\/339165","targetHints":{"allow":["GET"]}}],"collection":[{"href":"https:\/\/www.radioluna.it\/news\/wp-json\/wp\/v2\/posts"}],"about":[{"href":"https:\/\/www.radioluna.it\/news\/wp-json\/wp\/v2\/types\/post"}],"author":[{"embeddable":true,"href":"https:\/\/www.radioluna.it\/news\/wp-json\/wp\/v2\/users\/60"}],"replies":[{"embeddable":true,"href":"https:\/\/www.radioluna.it\/news\/wp-json\/wp\/v2\/comments?post=339165"}],"version-history":[{"count":0,"href":"https:\/\/www.radioluna.it\/news\/wp-json\/wp\/v2\/posts\/339165\/revisions"}],"wp:attachment":[{"href":"https:\/\/www.radioluna.it\/news\/wp-json\/wp\/v2\/media?parent=339165"}],"wp:term":[{"taxonomy":"category","embeddable":true,"href":"https:\/\/www.radioluna.it\/news\/wp-json\/wp\/v2\/categories?post=339165"},{"taxonomy":"post_tag","embeddable":true,"href":"https:\/\/www.radioluna.it\/news\/wp-json\/wp\/v2\/tags?post=339165"}],"curies":[{"name":"wp","href":"https:\/\/api.w.org\/{rel}","templated":true}]}}