{"id":339201,"date":"2023-10-26T13:55:54","date_gmt":"2023-10-26T11:55:54","guid":{"rendered":"https:\/\/www.radioluna.it\/news\/?p=339201"},"modified":"2023-10-27T13:30:19","modified_gmt":"2023-10-27T11:30:19","slug":"sperlonga-ambientazione-principale-di-mi-fanno-male-i-capelli","status":"publish","type":"post","link":"https:\/\/www.radioluna.it\/news\/2023\/10\/sperlonga-ambientazione-principale-di-mi-fanno-male-i-capelli\/","title":{"rendered":"Sperlonga \u00e8 l&#8217;ambientazione principale di &#8220;Mi fanno male i capelli&#8221;"},"content":{"rendered":"<div id=\"fb-root\"><\/div>\n<p><iframe loading=\"lazy\" title=\"MI FANNO MALE I CAPELLI | Trailer ufficiale HD\" width=\"740\" height=\"416\" src=\"https:\/\/www.youtube.com\/embed\/E0QJGIXar8g?feature=oembed\" frameborder=\"0\" allow=\"accelerometer; autoplay; clipboard-write; encrypted-media; gyroscope; picture-in-picture; web-share\" referrerpolicy=\"strict-origin-when-cross-origin\" allowfullscreen><\/iframe><\/p>\n<p style=\"text-align: justify;\"><strong>LATINA<\/strong> &#8211;\u00a0 C&#8217;\u00e8 anche Sperlonga al festival del Cinema di Roma dove \u00e8 stato proiettato venerd\u00ec &#8220;Mi fanno male i capelli&#8221;, il commovente omaggio di Roberta Torre a Monica Vitti. La protagonista del film interpretata da Alba Rohrwacher \u00e8 una donna che sta perdendo la memoria e che il marito Edoardo (Filippo Timi) accompagna con amore nelle vite in cui lei si cala attraverso i film di Monica Vitti. I due, a causa della malattia, lasciano Roma e si trasferiscono nella loro casa al mare, sulla Riviera d&#8217;Ulisse appunto. L&#8217;ambientazione principale \u00e8 una villa che si affaccia sulla spiaggia di Ponente a Sperlonga dove Monica passeggia in un abito blu con strascico che ricorda quello del suo mito cinematografico in Polvere di stelle. Nel film anche alcuni scorci del centro cittadino di Sperlonga fino al Cinema Augusto.<\/p>\n<div class=\"radio-posizionamento-telefono-in-articoli-dopo-il-contenuto-articolo radio-entity-placement\" id=\"radio-864544942\"><div id=\"radio-2577293696\" style=\"width: 300px;height: 250px;\"><a href=\"https:\/\/www.icarspa.it\/auto\/usate\/latina\/\" aria-label=\"banner aprile icar new life &#8211; auto usate latina\"><img loading=\"lazy\" decoding=\"async\" src=\"https:\/\/www.radioluna.it\/news\/wp-content\/uploads\/2026\/02\/banner-aprile-icar-new-life-auto-usate-latina.gif\" alt=\"\"  width=\"300\" height=\"250\"   \/><\/a><\/div><\/div>","protected":false},"excerpt":{"rendered":"<p>LATINA &#8211;\u00a0 C&#8217;\u00e8 anche Sperlonga al festival del Cinema di Roma dove \u00e8 stato proiettato venerd\u00ec &#8220;Mi fanno male i capelli&#8221;, il commovente omaggio di Roberta Torre a Monica Vitti. La protagonista del film interpretata da Alba Rohrwacher \u00e8 una donna che sta perdendo la memoria e che il marito Edoardo (Filippo Timi) accompagna con [&hellip;]<\/p>\n","protected":false},"author":62,"featured_media":339202,"comment_status":"open","ping_status":"open","sticky":false,"template":"","format":"video","meta":{"footnotes":""},"categories":[735,2428],"tags":[],"class_list":["post-339201","post","type-post","status-publish","format-video","has-post-thumbnail","hentry","category-attualita","category-primo-piano","post_format-post-format-video"],"_links":{"self":[{"href":"https:\/\/www.radioluna.it\/news\/wp-json\/wp\/v2\/posts\/339201","targetHints":{"allow":["GET"]}}],"collection":[{"href":"https:\/\/www.radioluna.it\/news\/wp-json\/wp\/v2\/posts"}],"about":[{"href":"https:\/\/www.radioluna.it\/news\/wp-json\/wp\/v2\/types\/post"}],"author":[{"embeddable":true,"href":"https:\/\/www.radioluna.it\/news\/wp-json\/wp\/v2\/users\/62"}],"replies":[{"embeddable":true,"href":"https:\/\/www.radioluna.it\/news\/wp-json\/wp\/v2\/comments?post=339201"}],"version-history":[{"count":4,"href":"https:\/\/www.radioluna.it\/news\/wp-json\/wp\/v2\/posts\/339201\/revisions"}],"predecessor-version":[{"id":339251,"href":"https:\/\/www.radioluna.it\/news\/wp-json\/wp\/v2\/posts\/339201\/revisions\/339251"}],"wp:featuredmedia":[{"embeddable":true,"href":"https:\/\/www.radioluna.it\/news\/wp-json\/wp\/v2\/media\/339202"}],"wp:attachment":[{"href":"https:\/\/www.radioluna.it\/news\/wp-json\/wp\/v2\/media?parent=339201"}],"wp:term":[{"taxonomy":"category","embeddable":true,"href":"https:\/\/www.radioluna.it\/news\/wp-json\/wp\/v2\/categories?post=339201"},{"taxonomy":"post_tag","embeddable":true,"href":"https:\/\/www.radioluna.it\/news\/wp-json\/wp\/v2\/tags?post=339201"}],"curies":[{"name":"wp","href":"https:\/\/api.w.org\/{rel}","templated":true}]}}