{"id":339221,"date":"2023-10-26T17:01:20","date_gmt":"2023-10-26T15:01:20","guid":{"rendered":"https:\/\/www.radioluna.it\/news\/?p=339221"},"modified":"2023-10-26T17:02:37","modified_gmt":"2023-10-26T15:02:37","slug":"puliamo-il-mondo-a-latina-in-settecento-alla-prima-delle-tre-giornate-ecologiche-raccolti-al-lido-835-kg-di-rifiuti","status":"publish","type":"post","link":"https:\/\/www.radioluna.it\/news\/2023\/10\/puliamo-il-mondo-a-latina-in-settecento-alla-prima-delle-tre-giornate-ecologiche-raccolti-al-lido-835-kg-di-rifiuti\/","title":{"rendered":"Latina, in settecento alla prima delle tre giornate ecologiche: raccolti al Lido 835 kg di rifiuti"},"content":{"rendered":"<div id=\"fb-root\"><\/div>\n<p style=\"text-align: justify;\"><strong>LATINA<\/strong> &#8211; Successo per la prima delle tre giornate di \u201c<strong>Puliamo il mondo<\/strong>\u201d, iniziativa promossa da Legambiente e organizzata dal Comune con la collaborazione di Abc. L\u2019evento di questa mattina \u00e8 iniziato da Capoportiere, dove l\u2019assessore all\u2019Ambiente Franco Addonizio, insieme agli ispettori ambientali dell\u2019azienda speciale, ha fornito istruzioni sulle attivit\u00e0 da svolgere. I volontari si sono poi spostati nell\u2019area limitrofa al Canale Mastropietro, in localit\u00e0 Stella Maris, e con il kit di pulizia hanno raccolto i rifiuti per poi differenziarli. Nella sola mattinata sono stati raccolti 835 kg di rifiuti e, come annunciato, i volontari saranno all\u2019opera anche nelle giornate del 27 e 28 ottobre.<\/p>\n<p style=\"text-align: justify;\">All\u2019evento hanno partecipato le scuole Eco-schools, i tre centri diurni del Comune di Latina, gestiti dalla cooperativa OSA e il centro diurno Cintura d\u2019Orione di Aprilia, oltre alle associazioni Plastic Free e Circolo Arcobaleno Pontino Legambiente e agli altri enti con cui il Comune condivide gli obiettivi ossia il Consorzio di Bonifica Lazio Sud Ovest e la Asl di Latina &#8211; Dipartimento di prevenzione \u2013 UOC Prevenzione attiva.<\/p>\n<p style=\"text-align: justify;\">\u201cCirca 700 i partecipanti di questa mattina \u2013 ha dichiarato l\u2019assessore all\u2019Ambiente Franco Addonizio, presente insieme ai funzionari del servizio comunale -. Un numero di partecipanti che, ogni anno, \u00e8 pi\u00f9 alto e testimonia che le nuove generazioni sono sempre pi\u00f9 sensibili al messaggio che l\u2019iniziativa intende lanciare. Puliamo il mondo \u00e8, infatti, il pi\u00f9 grande appuntamento di volontariato ambientale in cui il ruolo dei comuni risulta di fondamentale importanza per la riuscita della manifestazione, in qualit\u00e0 di rappresentanti e promotori diretti di buone pratiche di cittadinanza attiva. Ringrazio i volontari che questa mattina si sono dedicati a liberare l\u2019ambiente dalla plastica e dai rifiuti e che lo faranno anche domani e dopodomani nelle aree limitrofe al Canale delle Acque Medie e del Ponte delle Comete. Il loro impegno contribuir\u00e0 a restituire alla comunit\u00e0 luoghi pi\u00f9 puliti, accoglienti e inclusivi. I cittadini che hanno partecipato hanno lanciato un messaggio di alto senso civico, di esempio anche per gli adulti. Abbiamo deciso, infatti, di indirizzare l\u2019evento in particolar modo ai pi\u00f9 giovani perch\u00e9 in loro risiede la garanzia per un futuro migliore, basato sui concetti di sostenibilit\u00e0 ambientale e rispetto del proprio territorio\u201d.<\/p>\n<p>&#8212;<\/p>\n<div class=\"radio-posizionamento-telefono-in-articoli-dopo-il-contenuto-articolo radio-entity-placement\" id=\"radio-2595408256\"><div id=\"radio-1792467571\"><a href=\"https:\/\/www.simeoneceramiche.com\/\" aria-label=\"SIMEONE CERAMICHE GIF animata per radioluna_Tavola disegno 1 copia 2 (online-video-cutter.com)\"><img loading=\"lazy\" decoding=\"async\" src=\"https:\/\/www.radioluna.it\/news\/wp-content\/uploads\/2025\/05\/SIMEONE-CERAMICHE-GIF-animata-per-radioluna_Tavola-disegno-1-copia-2-online-video-cutter.com_.gif\" alt=\"\"  width=\"300\" height=\"250\"   \/><\/a><\/div><\/div>","protected":false},"excerpt":{"rendered":"<p>LATINA &#8211; Successo per la prima delle tre giornate di \u201cPuliamo il mondo\u201d, iniziativa promossa da Legambiente e organizzata dal Comune con la collaborazione di Abc. L\u2019evento di questa mattina \u00e8 iniziato da Capoportiere, dove l\u2019assessore all\u2019Ambiente Franco Addonizio, insieme agli ispettori ambientali dell\u2019azienda speciale, ha fornito istruzioni sulle attivit\u00e0 da svolgere. I volontari si [&hellip;]<\/p>\n","protected":false},"author":60,"featured_media":339224,"comment_status":"open","ping_status":"open","sticky":false,"template":"","format":"gallery","meta":{"footnotes":""},"categories":[12,2428],"tags":[],"class_list":["post-339221","post","type-post","status-publish","format-gallery","has-post-thumbnail","hentry","category-ambiente","category-primo-piano","post_format-post-format-gallery"],"_links":{"self":[{"href":"https:\/\/www.radioluna.it\/news\/wp-json\/wp\/v2\/posts\/339221","targetHints":{"allow":["GET"]}}],"collection":[{"href":"https:\/\/www.radioluna.it\/news\/wp-json\/wp\/v2\/posts"}],"about":[{"href":"https:\/\/www.radioluna.it\/news\/wp-json\/wp\/v2\/types\/post"}],"author":[{"embeddable":true,"href":"https:\/\/www.radioluna.it\/news\/wp-json\/wp\/v2\/users\/60"}],"replies":[{"embeddable":true,"href":"https:\/\/www.radioluna.it\/news\/wp-json\/wp\/v2\/comments?post=339221"}],"version-history":[{"count":5,"href":"https:\/\/www.radioluna.it\/news\/wp-json\/wp\/v2\/posts\/339221\/revisions"}],"predecessor-version":[{"id":339234,"href":"https:\/\/www.radioluna.it\/news\/wp-json\/wp\/v2\/posts\/339221\/revisions\/339234"}],"wp:featuredmedia":[{"embeddable":true,"href":"https:\/\/www.radioluna.it\/news\/wp-json\/wp\/v2\/media\/339224"}],"wp:attachment":[{"href":"https:\/\/www.radioluna.it\/news\/wp-json\/wp\/v2\/media?parent=339221"}],"wp:term":[{"taxonomy":"category","embeddable":true,"href":"https:\/\/www.radioluna.it\/news\/wp-json\/wp\/v2\/categories?post=339221"},{"taxonomy":"post_tag","embeddable":true,"href":"https:\/\/www.radioluna.it\/news\/wp-json\/wp\/v2\/tags?post=339221"}],"curies":[{"name":"wp","href":"https:\/\/api.w.org\/{rel}","templated":true}]}}