{"id":339322,"date":"2023-10-27T15:36:22","date_gmt":"2023-10-27T13:36:22","guid":{"rendered":"https:\/\/www.radioluna.it\/news\/?p=339322"},"modified":"2023-10-27T15:36:22","modified_gmt":"2023-10-27T13:36:22","slug":"conferenza-dei-sindaci-sulla-sanita-prima-convocazione-del-sindaco-celentano","status":"publish","type":"post","link":"https:\/\/www.radioluna.it\/news\/2023\/10\/conferenza-dei-sindaci-sulla-sanita-prima-convocazione-del-sindaco-celentano\/","title":{"rendered":"Conferenza dei Sindaci sulla Sanit\u00e0, prima convocazione del sindaco Celentano"},"content":{"rendered":"<div id=\"fb-root\"><\/div>\n<p style=\"text-align: justify;\"><strong>LATINA &#8211;<\/strong> Avr\u00e0 luogo il 10 novembre prossimo la prima Conferenza dei Sindaci sulla Sanit\u00e0 indetta dal sindaco di Latina Matilde Celentano. La riunione si svolger\u00e0 in nell\u2019aula consiliare del Comune di Latina e anche in videoconferenza per i sindaci che eventualmente non potessero raggiungere il capoluogo, con convocazione in prima seduta alle 9.30 e in seconda seduta alle 10.30.<\/p>\n<p style=\"text-align: justify;\">Questo l\u2019ordine del giorno programmato: illustrazione e verifica della situazione sanitaria della Asl di Latina e azioni di intervento; situazione e attuazione del Pnrr; varie ed eventuali.<\/p>\n<p style=\"text-align: justify;\">\u201cIl nostro territorio \u2013 ha affermato il sindaco Celentano \u2013 sar\u00e0 interessato da una serie di cambiamenti nell\u2019ottica della riprogrammazione della rete ospedaliera regionale, con ridefinizione delle attribuzioni dei posti letto e ammodernamenti e ampliamenti dei reparti di pronto soccorso. Alla conferenza il 10 novembre prender\u00e0 parte anche il direttore generale della Asl di Latina, la dottoressa Silvia Cavalli, che ci illustrer\u00e0 la situazione attuale e quella programmata in base alla realizzazione dei servizi previsti con gli interventi finanziati dal Pnrr e agli investimenti da realizzare con i fondi recentemente stanziati dalla Regione Lazio. La convocazione della Conferenza dei Sindaci sulla Sanit\u00e0 risponde alle esigenze del territorio, rappresentate dai rispettivi sindaci. Esistono temi comuni a tutti i territori della nostra provincia, si va dalla questione legata ai Pat alla carenza dei medici di medicina generale, ai problemi riguardanti i presidi ospedalieri e dei poliambulatori, mentre cresce l\u2019esigenza di risposte immediate per una maggiore incisivit\u00e0 dei servizi di medicina del territorio\u201d.<\/p>\n<p style=\"text-align: justify;\">\u201cRitengo \u2013 ha concluso il sindaco di Latina \u2013 che la conferenza del 10 novembre sia l\u2019inizio di un percorso che metta al centro la salute dei cittadini, seguendo la metodologia della condivisione e partecipazione anche nell\u2019ottica di una rete istituzionale in grado di fare squadra per il bene comune delle nostre comunit\u00e0\u201d.<\/p>\n","protected":false},"excerpt":{"rendered":"<p>LATINA &#8211; Avr\u00e0 luogo il 10 novembre prossimo la prima Conferenza dei Sindaci sulla Sanit\u00e0 indetta dal sindaco di Latina Matilde Celentano. La riunione si svolger\u00e0 in nell\u2019aula consiliare del Comune di Latina e anche in videoconferenza per i sindaci che eventualmente non potessero raggiungere il capoluogo, con convocazione in prima seduta alle 9.30 e [&hellip;]<\/p>\n","protected":false},"author":60,"featured_media":330426,"comment_status":"open","ping_status":"open","sticky":false,"template":"","format":"standard","meta":{"footnotes":""},"categories":[8],"tags":[],"class_list":["post-339322","post","type-post","status-publish","format-standard","has-post-thumbnail","hentry","category-politica"],"_links":{"self":[{"href":"https:\/\/www.radioluna.it\/news\/wp-json\/wp\/v2\/posts\/339322","targetHints":{"allow":["GET"]}}],"collection":[{"href":"https:\/\/www.radioluna.it\/news\/wp-json\/wp\/v2\/posts"}],"about":[{"href":"https:\/\/www.radioluna.it\/news\/wp-json\/wp\/v2\/types\/post"}],"author":[{"embeddable":true,"href":"https:\/\/www.radioluna.it\/news\/wp-json\/wp\/v2\/users\/60"}],"replies":[{"embeddable":true,"href":"https:\/\/www.radioluna.it\/news\/wp-json\/wp\/v2\/comments?post=339322"}],"version-history":[{"count":0,"href":"https:\/\/www.radioluna.it\/news\/wp-json\/wp\/v2\/posts\/339322\/revisions"}],"wp:featuredmedia":[{"embeddable":true,"href":"https:\/\/www.radioluna.it\/news\/wp-json\/wp\/v2\/media\/330426"}],"wp:attachment":[{"href":"https:\/\/www.radioluna.it\/news\/wp-json\/wp\/v2\/media?parent=339322"}],"wp:term":[{"taxonomy":"category","embeddable":true,"href":"https:\/\/www.radioluna.it\/news\/wp-json\/wp\/v2\/categories?post=339322"},{"taxonomy":"post_tag","embeddable":true,"href":"https:\/\/www.radioluna.it\/news\/wp-json\/wp\/v2\/tags?post=339322"}],"curies":[{"name":"wp","href":"https:\/\/api.w.org\/{rel}","templated":true}]}}