{"id":339346,"date":"2023-10-27T19:10:42","date_gmt":"2023-10-27T17:10:42","guid":{"rendered":"https:\/\/www.radioluna.it\/news\/?p=339346"},"modified":"2023-10-31T14:09:45","modified_gmt":"2023-10-31T13:09:45","slug":"chiuso-a-terracina-il-ponte-sisto-per-lavori-di-manutenzione","status":"publish","type":"post","link":"https:\/\/www.radioluna.it\/news\/2023\/10\/chiuso-a-terracina-il-ponte-sisto-per-lavori-di-manutenzione\/","title":{"rendered":"Chiuso a Terracina il Ponte Sisto per lavori di manutenzione"},"content":{"rendered":"<div id=\"fb-root\"><\/div>\n<p style=\"text-align: justify;\"><strong>TERRACINA &#8211;<\/strong> Chiusura a partire da oggi del Ponte Sisto sulla Strada provinciale Badino dal km. 9+400 al 9+450 in entrambe le direzioni. Come gi\u00e0 anticipato, sull\u2019attuale struttura provvisoria sono necessari dei lavori di manutenzione per garantire la sicurezza necessaria fino alla realizzazione del nuovo ponte.<\/p>\n<p style=\"text-align: justify;\">Proprio questa mattina il Consiglio Comunale di Terracina ha approvato la variazione al proprio bilancio prevedendo il finanziamento del nuovo ponte sul fiume Sisto, intervento inserito nel programma triennale delle opere pubbliche in relazione alla importante funzione svolta dal vecchio ponte, che l\u2019opera provvisoria in ferro attualmente in essere non pu\u00f2 assicurare.<\/p>\n<p style=\"text-align: justify;\">In vista dell\u2019attivazione delle procedure per la realizzazione del nuovo ponte si \u00e8 tuttavia ritenuto necessario assicurare la massima sicurezza a chi \u00e8 obbligato a percorrere quello provvisorio, a suo tempo collocato in sito dalla Provincia di Latina.<\/p>\n<p style=\"text-align: justify;\">Nel corso del procedimento per l\u2019adozione dei relativi atti \u00e8 emersa la necessit\u00e0 di eseguire interventi manutentivi a tutela della pubblica incolumit\u00e0 che rendono necessaria la interdizione temporanea al traffico.<\/p>\n<p style=\"text-align: justify;\">Per questo il ponte \u00e8 stato chiuso e gli uffici assicurano che, in assenza di elementi ostativi, i tempi saranno contenuti.<\/p>\n<p style=\"text-align: justify;\">Nel frattempo le Amministrazioni interessate procederanno a concludere l\u2019accordo di programma funzionale alla realizzazione della nuova opera definitiva.\u200b<\/p>\n<div class=\"radio-posizionamento-telefono-in-articoli-dopo-il-contenuto-articolo radio-entity-placement\" id=\"radio-2182181963\"><div id=\"radio-3378302954\" style=\"width: 300px;height: 250px;\"><a href=\"https:\/\/www.icarspa.it\/auto\/usate\/latina\/\" aria-label=\"banner aprile icar new life &#8211; auto usate latina\"><img loading=\"lazy\" decoding=\"async\" src=\"https:\/\/www.radioluna.it\/news\/wp-content\/uploads\/2026\/02\/banner-aprile-icar-new-life-auto-usate-latina.gif\" alt=\"\"  width=\"300\" height=\"250\"   \/><\/a><\/div><\/div>","protected":false},"excerpt":{"rendered":"<p>TERRACINA &#8211; Chiusura a partire da oggi del Ponte Sisto sulla Strada provinciale Badino dal km. 9+400 al 9+450 in entrambe le direzioni. Come gi\u00e0 anticipato, sull\u2019attuale struttura provvisoria sono necessari dei lavori di manutenzione per garantire la sicurezza necessaria fino alla realizzazione del nuovo ponte. Proprio questa mattina il Consiglio Comunale di Terracina ha [&hellip;]<\/p>\n","protected":false},"author":60,"featured_media":241655,"comment_status":"open","ping_status":"open","sticky":false,"template":"","format":"standard","meta":{"footnotes":""},"categories":[7,2428],"tags":[],"class_list":["post-339346","post","type-post","status-publish","format-standard","has-post-thumbnail","hentry","category-cronaca","category-primo-piano"],"_links":{"self":[{"href":"https:\/\/www.radioluna.it\/news\/wp-json\/wp\/v2\/posts\/339346","targetHints":{"allow":["GET"]}}],"collection":[{"href":"https:\/\/www.radioluna.it\/news\/wp-json\/wp\/v2\/posts"}],"about":[{"href":"https:\/\/www.radioluna.it\/news\/wp-json\/wp\/v2\/types\/post"}],"author":[{"embeddable":true,"href":"https:\/\/www.radioluna.it\/news\/wp-json\/wp\/v2\/users\/60"}],"replies":[{"embeddable":true,"href":"https:\/\/www.radioluna.it\/news\/wp-json\/wp\/v2\/comments?post=339346"}],"version-history":[{"count":0,"href":"https:\/\/www.radioluna.it\/news\/wp-json\/wp\/v2\/posts\/339346\/revisions"}],"wp:featuredmedia":[{"embeddable":true,"href":"https:\/\/www.radioluna.it\/news\/wp-json\/wp\/v2\/media\/241655"}],"wp:attachment":[{"href":"https:\/\/www.radioluna.it\/news\/wp-json\/wp\/v2\/media?parent=339346"}],"wp:term":[{"taxonomy":"category","embeddable":true,"href":"https:\/\/www.radioluna.it\/news\/wp-json\/wp\/v2\/categories?post=339346"},{"taxonomy":"post_tag","embeddable":true,"href":"https:\/\/www.radioluna.it\/news\/wp-json\/wp\/v2\/tags?post=339346"}],"curies":[{"name":"wp","href":"https:\/\/api.w.org\/{rel}","templated":true}]}}