{"id":339370,"date":"2023-10-30T07:21:49","date_gmt":"2023-10-30T06:21:49","guid":{"rendered":"https:\/\/www.radioluna.it\/news\/?p=339370"},"modified":"2023-11-02T15:18:34","modified_gmt":"2023-11-02T14:18:34","slug":"fondi-in-rosa-riuscitissima-festa-di-sport-allinsegna-della-prevenzione","status":"publish","type":"post","link":"https:\/\/www.radioluna.it\/news\/2023\/10\/fondi-in-rosa-riuscitissima-festa-di-sport-allinsegna-della-prevenzione\/","title":{"rendered":"\u201cFondi in Rosa\u201d, riuscitissima festa di sport all\u2019insegna della Prevenzione"},"content":{"rendered":"<div id=\"fb-root\"><\/div>\n<p style=\"text-align: justify;\"><strong>FONDI &#8211;<\/strong> Una bella giornata di sport all\u2019insegna della prevenzione. La prima edizione del \u201cFondi in Rosa\u201d ha rispettato tutte le premesse della vigilia animando il centro storico di Fondi e colorando di rosa la passione di oltre cinquecento partecipanti. Quasi la met\u00e0 di questi, tra famiglie, nonni e bambini, ha preso parte oggi a una passeggiata di circa tre chilometri fortemente voluta dagli organizzatori dell\u2019Asd Olimpia Lazio e dal comitato locale dell\u2019Andos Odv, Associazione Nazionale Donne Operate al Seno: l\u2019obbiettivo, pienamente centrato, consisteva nel lanciare un forte messaggio di sensibilizzazione per invitare tutti alla prevenzione e alla cura della malattia. In tal senso si spiega l\u2019assegno simbolico di 1500 euro consegnato al termine ai rappresentanti del comitato e mirato a finanziare le prossime attivit\u00e0 sul territorio. Non a caso alla prima societ\u00e0 classificata, la Fondi Runners 2010, \u00e8 andato uno speciale trofeo intitolato a Caterina De Filippis, la compianta fondatrice dell\u2019Andos di Fondi. Dopo i padroni di casa, al traguardo con 32 atleti, si sono piazzate la Polisportiva Ciociara Antonio Fava (24) e la Poligolfo (23). Venendo alla gara, inserita tra le tappe del 31esimo Grande Slam Uisp \u201cNatalino Nocera\u201d, il percorso di 8,6 km ha visto pienamente rispettati i pronostici, almeno in ambito maschile: il \u201csolito\u201d Diego Papoccia del Runners Team Ferentino si \u00e8 imposto con un tempo di 29\u201948\u2019\u2019, davanti a Tommaso De Marchis della Podistica Avis Priverno (30\u201915\u2019\u2019) e Giuseppe Marandola della Pol. Fava (30\u201927\u2019\u2019). Hanno guadagnato un riconoscimento anche Claudio Moretti dell\u2019Atletica Ceprano (30\u201959\u2019\u2019) e Enrico Gallucci della Castro Running (30\u201946\u2019\u2019). Tra le donne ha raggiunto per prima il traguardo di Corso Vittorio Emanuele III Francesca Sabatini dell\u2019Atletica Ceprano (33\u201942\u2019\u2019), riuscita a precedere Roberta Andreoli della Podistica Priverno (35\u201914\u2019\u2019) e Paola Fiorini del Runners Team Ferentino (36\u201913\u2019\u2019). Sono andate a premio anche Wissia Rinaldi della Podistica Avis Priverno (37\u201921\u2019\u2019) e Cusangua Caisaletin della Running Evolution (37\u201930\u2019\u2019). La ricca cerimonia di premiazione, coordinata dal presidente dell\u2019Olimpia Lazio Stefano Prota, ha visto la partecipazione del sindaco di Fondi Beniamino Maschietto e degli assessori Fabrizio Macaro, Stefania Stravato, Sonia Notarberardino e Santina Trani. Intervenuti anche i consiglieri comunali Franco Carnevale e Giulio Cesare Di Manno, premiato quest\u2019ultimo per il suo coinvolgimento da podista e da organizzatore. Un riconoscimento \u00e8 andato anche all\u2019atleta ipovedente Giampiero Sacco, accompagnato da Attilio Pirandello. L\u2019Olimpia Lazio ha dunque potuto festeggiare la perfetta riuscita dell\u2019evento, con la promessa di una seconda edizione ancora pi\u00f9 ambiziosa. Per il Comitato Territoriale Uisp di Latina \u00e8 invece gi\u00e0 tempo di pensare al prossimo appuntamento: domenica a Marina di Minturno si correr\u00e0 il 14esimo \u201cMemorial Don Luigi Marchetta\u201d.<\/p>\n","protected":false},"excerpt":{"rendered":"<p>FONDI &#8211; Una bella giornata di sport all\u2019insegna della prevenzione. La prima edizione del \u201cFondi in Rosa\u201d ha rispettato tutte le premesse della vigilia animando il centro storico di Fondi e colorando di rosa la passione di oltre cinquecento partecipanti. Quasi la met\u00e0 di questi, tra famiglie, nonni e bambini, ha preso parte oggi a [&hellip;]<\/p>\n","protected":false},"author":5430,"featured_media":0,"comment_status":"open","ping_status":"open","sticky":false,"template":"","format":"standard","meta":{"footnotes":""},"categories":[17],"tags":[],"class_list":["post-339370","post","type-post","status-publish","format-standard","hentry","category-sport"],"_links":{"self":[{"href":"https:\/\/www.radioluna.it\/news\/wp-json\/wp\/v2\/posts\/339370","targetHints":{"allow":["GET"]}}],"collection":[{"href":"https:\/\/www.radioluna.it\/news\/wp-json\/wp\/v2\/posts"}],"about":[{"href":"https:\/\/www.radioluna.it\/news\/wp-json\/wp\/v2\/types\/post"}],"author":[{"embeddable":true,"href":"https:\/\/www.radioluna.it\/news\/wp-json\/wp\/v2\/users\/5430"}],"replies":[{"embeddable":true,"href":"https:\/\/www.radioluna.it\/news\/wp-json\/wp\/v2\/comments?post=339370"}],"version-history":[{"count":0,"href":"https:\/\/www.radioluna.it\/news\/wp-json\/wp\/v2\/posts\/339370\/revisions"}],"wp:attachment":[{"href":"https:\/\/www.radioluna.it\/news\/wp-json\/wp\/v2\/media?parent=339370"}],"wp:term":[{"taxonomy":"category","embeddable":true,"href":"https:\/\/www.radioluna.it\/news\/wp-json\/wp\/v2\/categories?post=339370"},{"taxonomy":"post_tag","embeddable":true,"href":"https:\/\/www.radioluna.it\/news\/wp-json\/wp\/v2\/tags?post=339370"}],"curies":[{"name":"wp","href":"https:\/\/api.w.org\/{rel}","templated":true}]}}