{"id":339379,"date":"2023-10-30T07:53:00","date_gmt":"2023-10-30T06:53:00","guid":{"rendered":"https:\/\/www.radioluna.it\/news\/?p=339379"},"modified":"2023-10-30T07:53:00","modified_gmt":"2023-10-30T06:53:00","slug":"sostegno-della-regione-lazio-ai-nuovi-agricoltori","status":"publish","type":"post","link":"https:\/\/www.radioluna.it\/news\/2023\/10\/sostegno-della-regione-lazio-ai-nuovi-agricoltori\/","title":{"rendered":"Sostegno della Regione Lazio ai nuovi agricoltori"},"content":{"rendered":"<div id=\"fb-root\"><\/div>\n<p style=\"text-align: justify;\"><strong>LAZIO &#8211;<\/strong> \u00abSecondo Coldiretti sarebbero pi\u00f9 di 4000 negli ultimi 5 anni gli under 45, con una significativa percentuale di donne, ad avere scelto di diventare imprenditori agricoli, abbandonando il loro lavoro precedente. Un dato che mette in risalto tre aspetti principali: l\u2019attrattivit\u00e0 e le potenzialit\u00e0 del comparto agricolo in termini di crescita occupazionale e di stile di vita per i giovani; l\u2019importanza degli istituti agrari; la necessit\u00e0 di un cambio di passo in termini di innovazione tecnologica e gestionale delle aziende per far s\u00ec che questi nuovi imprenditori possano rendere il sistema agricolo pi\u00f9 efficiente e competitivo sui mercati, interni ed internazionali\u00bb, lo afferma l\u2019assessore al Bilancio, alla Programmazione economica, all\u2019Agricoltura e alla Sovranit\u00e0 alimentare, alla Caccia e alla Pesca, ai Parchi e alle Foreste Giancarlo Righini.<\/p>\n<p style=\"text-align: justify;\">\u00abFondamentale anche il ruolo della formazione. Non a caso, grazie all&#8217;impegno del commissario dell&#8217;Arsial, Massimiliano Raffa, abbiamo gi\u00e0 avviato l&#8217;iter per consentire all&#8217;azienda regionale dedita proprio allo sviluppo agricolo di diventare anche un ente di formazione e di rappresentare sempre di pi\u00f9 un punto di riferimento per chi ha intenzione di entrare in questo straordinario settore\u00bb, continua l\u2019Assessore.<\/p>\n<p style=\"text-align: justify;\">Come Regione Lazio, quindi, intendiamo investire su questo processo di trasformazione del comparto. I giovani, infatti, possono dare un&#8217;importante contributo a rendere pi\u00f9 sostenibile e competitivo il settore e noi abbiamo il dovere di accompagnarli garantendo loro, non solo risorse, ma tutto il sostegno necessario allo sviluppo di queste nuove realt\u00e0\u00bb, conclude Righini.<\/p>\n<p>&nbsp;<\/p>\n","protected":false},"excerpt":{"rendered":"<p>LAZIO &#8211; \u00abSecondo Coldiretti sarebbero pi\u00f9 di 4000 negli ultimi 5 anni gli under 45, con una significativa percentuale di donne, ad avere scelto di diventare imprenditori agricoli, abbandonando il loro lavoro precedente. Un dato che mette in risalto tre aspetti principali: l\u2019attrattivit\u00e0 e le potenzialit\u00e0 del comparto agricolo in termini di crescita occupazionale e [&hellip;]<\/p>\n","protected":false},"author":60,"featured_media":235003,"comment_status":"open","ping_status":"open","sticky":false,"template":"","format":"standard","meta":{"footnotes":""},"categories":[8],"tags":[],"class_list":["post-339379","post","type-post","status-publish","format-standard","has-post-thumbnail","hentry","category-politica"],"_links":{"self":[{"href":"https:\/\/www.radioluna.it\/news\/wp-json\/wp\/v2\/posts\/339379","targetHints":{"allow":["GET"]}}],"collection":[{"href":"https:\/\/www.radioluna.it\/news\/wp-json\/wp\/v2\/posts"}],"about":[{"href":"https:\/\/www.radioluna.it\/news\/wp-json\/wp\/v2\/types\/post"}],"author":[{"embeddable":true,"href":"https:\/\/www.radioluna.it\/news\/wp-json\/wp\/v2\/users\/60"}],"replies":[{"embeddable":true,"href":"https:\/\/www.radioluna.it\/news\/wp-json\/wp\/v2\/comments?post=339379"}],"version-history":[{"count":0,"href":"https:\/\/www.radioluna.it\/news\/wp-json\/wp\/v2\/posts\/339379\/revisions"}],"wp:featuredmedia":[{"embeddable":true,"href":"https:\/\/www.radioluna.it\/news\/wp-json\/wp\/v2\/media\/235003"}],"wp:attachment":[{"href":"https:\/\/www.radioluna.it\/news\/wp-json\/wp\/v2\/media?parent=339379"}],"wp:term":[{"taxonomy":"category","embeddable":true,"href":"https:\/\/www.radioluna.it\/news\/wp-json\/wp\/v2\/categories?post=339379"},{"taxonomy":"post_tag","embeddable":true,"href":"https:\/\/www.radioluna.it\/news\/wp-json\/wp\/v2\/tags?post=339379"}],"curies":[{"name":"wp","href":"https:\/\/api.w.org\/{rel}","templated":true}]}}