{"id":339417,"date":"2023-10-31T10:11:52","date_gmt":"2023-10-31T09:11:52","guid":{"rendered":"https:\/\/www.radioluna.it\/news\/?p=339417"},"modified":"2023-10-31T10:11:52","modified_gmt":"2023-10-31T09:11:52","slug":"parte-la-stagione-del-teatro-gigi-proietti-a-priverno","status":"publish","type":"post","link":"https:\/\/www.radioluna.it\/news\/2023\/10\/parte-la-stagione-del-teatro-gigi-proietti-a-priverno\/","title":{"rendered":"Parte la stagione del teatro Gigi Proietti a Priverno"},"content":{"rendered":"<div id=\"fb-root\"><\/div>\n<p style=\"text-align: justify;\"><strong>PRIVERNO &#8211;<\/strong> Si apre la campagna abbonamenti del Teatro Comunale Gigi Proietti di Priverno grazie alla collaborazione tra il Comune di Priverno, ATCL, circuito multidisciplinare del Lazio sostenuto da MIC Ministero della Cultura e Regione Lazio, e Matutateatro.<\/p>\n<p style=\"text-align: justify;\">A partire da novembre si terranno sei appuntamenti con alcune tra le principali proposte della scena nazionale, per un&#8217;offerta ampia e diversificata, dove trovano spazio diversi generi che sapranno appassionare il pubblico.<\/p>\n<p style=\"text-align: justify;\">\u00abSiamo molto soddisfatti del cartellone della nuova stagione di prosa perch\u00e9 si tratta di una proposta ricca e coinvolgente, con sei spettacoli di vario genere, interpretati da attori di grande bravura. Avere nella propria citt\u00e0 un teatro aperto \u00e8 una grande opportunit\u00e0 culturale e sociale ma bisogna meritarla perch\u00e9 pensare che la cultura \u00e8 importante e che le arti fanno crescere le persone e le comunit\u00e0, non basta, bisogna sostenerle fattivamente non dimenticando che dietro di esse c&#8217;\u00e8 l&#8217;impegno e il sacrificio di tante persone che meritano di vedere fiorire il frutto del loro lavoro. Per questo, l&#8217;auspicio \u00e8 che questa nuova stagione teatrale veda il massimo impegno di tutti a partecipare, riempendo il Proietti di vitalit\u00e0 e di presenze\u00bb afferma Anna Maria Bilancia, Sindaco del Comune di Priverno.<\/p>\n<p style=\"text-align: justify;\">\u00abDalla sua riapertura nel 2017, il Teatro Comunale Gigi Proietti ha seguito una linea progettuale, nata di concerto tra il Comune di Priverno e ATCL, che lo voleva quale luogo di incontro privilegiato della vita cittadina, casa accogliente per pubblico e artisti che in questo spazio possono condividere emozioni e visioni. Da quest\u2019idea deriva il claim della stagione 2023-24 \u201cIl teatro \u00e8 la casa di tutti. Non perdere l\u2019occasione di avere il tuo posto in sala\u201d come invito perch\u00e9 ancora di pi\u00f9 diventi luogo partecipato per la citt\u00e0 tutta\u00bb dichiara ATCL.<\/p>\n<p style=\"text-align: justify;\">La stagione si apre con l&#8217;esilarante commedia in due atti LA VITA \u00c8 UN ATTICO con Antonello Costa, Valeria Monetti, Gianpiero Perone, Annalisa Costa e la regia di Andrea Palotto, in scena venerd\u00ec 24 novembre, alle ore 21. Un corriere \u00e8 alle prese con la consegna dell\u2019ultimo pacco della giornata in un \u201cbizzarro\u201d stabile, dove nessuno sembra conoscere il destinatario. Cosa conterr\u00e0 questo pacco e, soprattutto, sar\u00e0 mai consegnato al misterioso destinatario?<\/p>\n<p style=\"text-align: justify;\">Domenica 3 dicembre alle 18.30, Duccio Camerini, insieme a Edoardo Sani, sar\u00e0 protagonista di UNA VITA NEL TEATRO, un testo di David Mamet, tradotto da Roberto Buffagni e diretto da Camerini. Il drammaturgo Mamet scrive di una educazione teatrale che non \u00e8 cos\u00ec lontana da quella sentimentale e pone al confronto due generazioni di attori: un giovane al principio di un percorso, chiss\u00e0 se luminoso o oscuro, e un attore maturo, che nel bene o nel male ha gi\u00e0 fatto e dato tutto quello che poteva.<\/p>\n<p>Divertimento assicurato venerd\u00ec 19 gennaio, alle 21, con lo spettacolo FACCIA UN\u2019ALTRA FACCIA, di e con Tiziana Foschi e la partecipazione di Antonio Pisu che ne cura anche la regia. Fondatrice della Premiata Ditta, insieme a Roberto Ciufoli, Francesca Draghetti e Pino Insegno, Tiziana Foschi in questo spettacolo si racconta con ironia e intelligenza riattraversando la propria carriera, tra televisione, cinema e teatro, giocando con abiti, parrucche, costumi, parole e facce ogni volta diverse.<\/p>\n<p>Da non perdere venerd\u00ec 9 febbraio, alle ore 21, l&#8217;appuntamento con uno spettacolo che \u00e8 in tourn\u00e9e nei principali teatri italiani da oltre 6 anni e che continua a conquistare l\u2019attenzione del pubblico e della critica: UNO NESSUNO CENTOMILA, interpretato da Enrico Lo Verso, con adattamento al testo e regia di Alessandra Pizzi. Uno spettacolo &#8220;evento&#8221; che ha realizzato oltre 500 sold out in Italia e all&#8217;Estero, insignito di premi e riconoscimenti, come il premio Franco Enriquez (ed. 2017) e il Premio Delia Cajelli per il teatro (ed. 2018), scritto in occasione del 150esimo anniversario della morte di Luigi Pirandello.<\/p>\n<p>Venerd\u00ec 15 marzo, alle ore 21, andr\u00e0 in scena lo spettacolo CRISTO DI PERIFERIA, scritto e diretto da Davide Sacco con Francesco Montanari e musiche dal vivo di Raimondo Esposito e Francesca Masucci. Un racconto di fede, ambientato in un metaforico circo, dove un giornalista viene inviato per scrivere un articolo su un \u201cpovero Cristo\u201d che nella sua roulotte trasforma l\u2019acqua in vino e moltiplica i pani in pesci. Francesco Montanari narra con delicatezza e suggestione questa fiaba contemporanea dal sapore felliniano. Una storia di umanit\u00e0 e debolezza, che si interroga sul valore dei miracoli oggi, sulla bellezza del mondo, a volte cos\u00ec difficile da intuire, e sull\u2019importanza dei sogni.<\/p>\n<p>Chiude la stagione CHI ME LO HA FATTO FARE, di e con Marco Marzocca, in scena domenica 21 aprile, alle ore 18.30. Uno spettacolo in cui il comico porta in scena i suoi straordinari personaggi, racconta la sua vita, la trasformazione, gli inizi della sua carriera ma anche esperienze di vita, una vita anch\u2019essa comica, perch\u00e9 comico \u00e8 il minimo comune denominatore di tutta la sua esistenza.<\/p>\n<p>Ad arricchire ulteriormente la proposta del Teatro Gigi Proietti, domenica 17 dicembre, alle ore 18.30, all&#8217;interno dell&#8217;evento TendanceInTour, organizzato da Rosa Shocking, andr\u00e0 in scena lo spettacolo QUADRI 2023, interpretato da Valerio De Vita, Andrea Di Matteo, Claudia Pompili, Ricky Bonavita,.\u00a0 Si tratta di un progetto coreografico della Compagnia Excursus\/ PinDoc a firma di Ricky Bonavita, che unisce nuove creazioni a riallestimenti di brani dal repertorio, proponendo un\u2019esplorazione creativa e drammaturgica rivolta a una ricerca sul corpo come strumento per rinnovare la danza e l\u2019arte scenica. Lo spettacolo \u00e8 fuori abbonamento.<\/p>\n<p>Per informazioni su abbonamenti e biglietti tel. 3286115020 &#8211; 3291099630<\/p>\n<p>ABBONAMENTO INTERO 6 SPETTACOLI &#8211; 65 EURO<\/p>\n<p>ABBONAMENTO RIDOTTO 6 SPETTACOLI &#8211; 55 EURO (over 65 e under 18)<\/p>\n<p>BIGLIETTO INTERO 15 EURO<\/p>\n<p>BIGLIETTO RIDOTTO 13 EURO (over 65 e under 18)<\/p>\n<p>&nbsp;<\/p>\n<div class=\"radio-posizionamento-telefono-in-articoli-dopo-il-contenuto-articolo radio-entity-placement\" id=\"radio-3897340756\"><div id=\"radio-3577716404\"><a href=\"https:\/\/www.simeoneceramiche.com\/\" aria-label=\"SIMEONE CERAMICHE GIF animata per radioluna_Tavola disegno 1 copia 2 (online-video-cutter.com)\"><img loading=\"lazy\" decoding=\"async\" src=\"https:\/\/www.radioluna.it\/news\/wp-content\/uploads\/2025\/05\/SIMEONE-CERAMICHE-GIF-animata-per-radioluna_Tavola-disegno-1-copia-2-online-video-cutter.com_.gif\" alt=\"\"  width=\"300\" height=\"250\"   \/><\/a><\/div><\/div>","protected":false},"excerpt":{"rendered":"<p>PRIVERNO &#8211; Si apre la campagna abbonamenti del Teatro Comunale Gigi Proietti di Priverno grazie alla collaborazione tra il Comune di Priverno, ATCL, circuito multidisciplinare del Lazio sostenuto da MIC Ministero della Cultura e Regione Lazio, e Matutateatro. A partire da novembre si terranno sei appuntamenti con alcune tra le principali proposte della scena nazionale, [&hellip;]<\/p>\n","protected":false},"author":60,"featured_media":0,"comment_status":"open","ping_status":"open","sticky":false,"template":"","format":"standard","meta":{"footnotes":""},"categories":[16,734],"tags":[],"class_list":["post-339417","post","type-post","status-publish","format-standard","hentry","category-appuntamenti","category-evidenza"],"_links":{"self":[{"href":"https:\/\/www.radioluna.it\/news\/wp-json\/wp\/v2\/posts\/339417","targetHints":{"allow":["GET"]}}],"collection":[{"href":"https:\/\/www.radioluna.it\/news\/wp-json\/wp\/v2\/posts"}],"about":[{"href":"https:\/\/www.radioluna.it\/news\/wp-json\/wp\/v2\/types\/post"}],"author":[{"embeddable":true,"href":"https:\/\/www.radioluna.it\/news\/wp-json\/wp\/v2\/users\/60"}],"replies":[{"embeddable":true,"href":"https:\/\/www.radioluna.it\/news\/wp-json\/wp\/v2\/comments?post=339417"}],"version-history":[{"count":0,"href":"https:\/\/www.radioluna.it\/news\/wp-json\/wp\/v2\/posts\/339417\/revisions"}],"wp:attachment":[{"href":"https:\/\/www.radioluna.it\/news\/wp-json\/wp\/v2\/media?parent=339417"}],"wp:term":[{"taxonomy":"category","embeddable":true,"href":"https:\/\/www.radioluna.it\/news\/wp-json\/wp\/v2\/categories?post=339417"},{"taxonomy":"post_tag","embeddable":true,"href":"https:\/\/www.radioluna.it\/news\/wp-json\/wp\/v2\/tags?post=339417"}],"curies":[{"name":"wp","href":"https:\/\/api.w.org\/{rel}","templated":true}]}}