{"id":339450,"date":"2023-10-31T14:52:37","date_gmt":"2023-10-31T13:52:37","guid":{"rendered":"https:\/\/www.radioluna.it\/news\/?p=339450"},"modified":"2023-10-31T14:53:51","modified_gmt":"2023-10-31T13:53:51","slug":"al-karama-da-campo-rom-a-villaggio-di-accoglienza-il-sito-sara-pronto-a-natale","status":"publish","type":"post","link":"https:\/\/www.radioluna.it\/news\/2023\/10\/al-karama-da-campo-rom-a-villaggio-di-accoglienza-il-sito-sara-pronto-a-natale\/","title":{"rendered":"Al Karama da campo rom a villaggio di accoglienza: il sito sar\u00e0 pronto a Natale"},"content":{"rendered":"<div id=\"fb-root\"><\/div>\n<p style=\"text-align: justify;\"><strong>LATINA<\/strong> &#8211; Era conosciuto a tutti come il campo rom di Al Karama, oggi, grazie anche all&#8217;intervento dell&#8217;associazione 21 luglio e della Caritas, sar\u00e0 il primo centro di accoglienza per famiglie in difficolt\u00e0 temporanea. L\u2019assessore ai Servizi sociali Michele Nasso e l\u2019assessore ai Lavori pubblici Massimiliano Carnevale hanno illustrato questa mattina lo stato dell&#8217;arte del sito di Via Monfalcone alla commissione Servizi sociali, presieduta dal consigliere Nicola Catani.<\/p>\n<p style=\"text-align: justify;\">\u201cIl \u2018villaggio di accoglienza\u2019 \u00e8 quasi pronto \u2013 ha dichiarato l\u2019assessore Nasso \u2013 e contiamo di procedere con il trasferimento dei nuclei interessati prima di Natale. Abbiamo urgenza di proseguire in questa direzione per restituire alla Provincia di Latina i locali dell\u2019ex Rossi Sud, dove sono stati trasferiti gli ospiti in seguito all\u2019incendio del vecchio campo avvenuto a luglio 2022. L\u2019amministrazione comunale ha avviato un dialogo con la Regione Lazio perch\u00e9 si proceda con la bonifica e la messa in sicurezza del vecchio campo Al Karama, ultimo passo necessario per procedere con il trasferimento. Valuteremo anche se investire il Prefetto perch\u00e9 possa coinvolgere gli enti interessati e accelerare l\u2019iter necessario per la pulizia dell\u2019area adiacente a dove sorger\u00e0 il nuovo \u2018villaggio di accoglienza\u2019\u201d.<\/p>\n<p style=\"text-align: justify;\">L\u2019assessore ai Servizi sociali ha anche chiarito che non tutti coloro che attualmente si trovano all\u2019ex Rossi Sud hanno dato la disponibilit\u00e0 per il trasferimento in via Monfalcone, a Borgo Bainsizza. \u201cI moduli abitativi acquistati e non utilizzati saranno usati dal Comune di Latina per altre finalit\u00e0 \u2013 ha chiarito -, come ad esempio l\u2019emergenza casa o l\u2019emergenza freddo\u201d.<\/p>\n<p style=\"text-align: justify;\">\u201cL\u2019ufficio Patrimonio \u2013 ha affermato l\u2019assessore Carnevale \u2013 ci ha confermato che i moduli abitativi sono pronti e verranno allestiti a partire dall\u20198 novembre. La tempistica di montaggio \u00e8 di due giorni a modulo e, una volta installati, il servizio Lavori pubblici ultimer\u00e0 i piccoli lavori mancanti per rendere il villaggio pronto. Il materiale non \u00e8 stato montato prima per ridurre al minimo il rischio di furti o vandalismi. Contiamo, dunque, prima di Natale di chiudere l\u2019iter e di consegnare il \u2018villaggio di accoglienza\u2019 con tanto di illuminazione e allacci\u201d.<\/p>\n<div class=\"radio-posizionamento-telefono-in-articoli-dopo-il-contenuto-articolo radio-entity-placement\" id=\"radio-3780468750\"><div id=\"radio-2522825454\"><a href=\"https:\/\/www.simeoneceramiche.com\/\" aria-label=\"SIMEONE CERAMICHE GIF animata per radioluna_Tavola disegno 1 copia 2 (online-video-cutter.com)\"><img loading=\"lazy\" decoding=\"async\" src=\"https:\/\/www.radioluna.it\/news\/wp-content\/uploads\/2025\/05\/SIMEONE-CERAMICHE-GIF-animata-per-radioluna_Tavola-disegno-1-copia-2-online-video-cutter.com_.gif\" alt=\"\"  width=\"300\" height=\"250\"   \/><\/a><\/div><\/div>","protected":false},"excerpt":{"rendered":"<p>LATINA &#8211; Era conosciuto a tutti come il campo rom di Al Karama, oggi, grazie anche all&#8217;intervento dell&#8217;associazione 21 luglio e della Caritas, sar\u00e0 il primo centro di accoglienza per famiglie in difficolt\u00e0 temporanea. L\u2019assessore ai Servizi sociali Michele Nasso e l\u2019assessore ai Lavori pubblici Massimiliano Carnevale hanno illustrato questa mattina lo stato dell&#8217;arte del [&hellip;]<\/p>\n","protected":false},"author":62,"featured_media":339452,"comment_status":"open","ping_status":"open","sticky":false,"template":"","format":"standard","meta":{"footnotes":""},"categories":[8],"tags":[],"class_list":["post-339450","post","type-post","status-publish","format-standard","has-post-thumbnail","hentry","category-politica"],"_links":{"self":[{"href":"https:\/\/www.radioluna.it\/news\/wp-json\/wp\/v2\/posts\/339450","targetHints":{"allow":["GET"]}}],"collection":[{"href":"https:\/\/www.radioluna.it\/news\/wp-json\/wp\/v2\/posts"}],"about":[{"href":"https:\/\/www.radioluna.it\/news\/wp-json\/wp\/v2\/types\/post"}],"author":[{"embeddable":true,"href":"https:\/\/www.radioluna.it\/news\/wp-json\/wp\/v2\/users\/62"}],"replies":[{"embeddable":true,"href":"https:\/\/www.radioluna.it\/news\/wp-json\/wp\/v2\/comments?post=339450"}],"version-history":[{"count":1,"href":"https:\/\/www.radioluna.it\/news\/wp-json\/wp\/v2\/posts\/339450\/revisions"}],"predecessor-version":[{"id":339451,"href":"https:\/\/www.radioluna.it\/news\/wp-json\/wp\/v2\/posts\/339450\/revisions\/339451"}],"wp:featuredmedia":[{"embeddable":true,"href":"https:\/\/www.radioluna.it\/news\/wp-json\/wp\/v2\/media\/339452"}],"wp:attachment":[{"href":"https:\/\/www.radioluna.it\/news\/wp-json\/wp\/v2\/media?parent=339450"}],"wp:term":[{"taxonomy":"category","embeddable":true,"href":"https:\/\/www.radioluna.it\/news\/wp-json\/wp\/v2\/categories?post=339450"},{"taxonomy":"post_tag","embeddable":true,"href":"https:\/\/www.radioluna.it\/news\/wp-json\/wp\/v2\/tags?post=339450"}],"curies":[{"name":"wp","href":"https:\/\/api.w.org\/{rel}","templated":true}]}}