{"id":339465,"date":"2023-10-31T17:40:36","date_gmt":"2023-10-31T16:40:36","guid":{"rendered":"https:\/\/www.radioluna.it\/news\/?p=339465"},"modified":"2023-11-02T15:17:27","modified_gmt":"2023-11-02T14:17:27","slug":"lavori-sul-picco-di-circe-sara-chiuso-fino-a-gennaio-2024","status":"publish","type":"post","link":"https:\/\/www.radioluna.it\/news\/2023\/10\/lavori-sul-picco-di-circe-sara-chiuso-fino-a-gennaio-2024\/","title":{"rendered":"Lavori sul Picco di Circe, sar\u00e0 chiuso fino a gennaio 2024"},"content":{"rendered":"<div id=\"fb-root\"><\/div>\n<p style=\"text-align: justify;\"><strong>SAN FEKLICE CIRCEO<\/strong> &#8211; Il sentiero n\u00b0 750 che porta al <strong>Picco di Circe<\/strong>, il pi\u00f9 spettacolare (e difficile) del Promontorio del Circeo, spesso sottovalutato, rester\u00e0 chiuso per qualche mese per consentire lavori di messa in sicurezza. L&#8217;interdizione al pubblico &#8211; <strong>si legge nell\u2019ordinanza n\u00b090 del 27-10-2023 a firma del responsabile dei settori Lavori Pubblici e Tecnologico &#8211; <\/strong>\u00a0\u00e8 in programma fino al 31 gennaio 2024. I lavori di ripristino della sentieristica nell&#8217;area si sono resi necessari anche per rendere i sentieri pi\u00f9 accessibili e visibili.<\/p>\n<p style=\"text-align: justify;\">&#8220;Il sentiero n\u00b0750 classificato per \u201cescursionisti esperti\u201d, \u00e8 uno dei pi\u00f9 utilizzati da visitatori ed escursionisti &#8211; ricordano dal Comune &#8211; . Talvolta, ci\u00f2 avviene anche in maniera non consona al contesto, come testimoniato dalle numerose richieste di aiuto pervenute alle forze dell\u2019ordine e ai soccorritori nel corso degli ultimi anni. Proprio per questo motivo, si \u00e8 resa necessaria l\u2019adozione, anche durante l\u2019estate appena trascorsa, di ordinanze contingibili e urgenti che ne limitassero la fruizione, consentendola solamente con l\u2019accompagnamento di guide esperte, cos\u00ec da tutelare la pubblica incolumit\u00e0 e ridurre il rischio d\u2019incidenti. Alla luce anche delle condizioni della sentieristica, \u00e8 stata altres\u00ec riscontrata la necessit\u00e0 di intervenire con dei lavori di messa in sicurezza e ripristino dei percorsi, con un investimento economico di 28.614 euro complessivi&#8221;.<\/p>\n<p style=\"text-align: justify;\"><strong>Per raggiungere il Picco di Circeo occorrono <\/strong>4 ore 30 minuti di cammino per un totale di 6,6 km in un&#8217;area a tratti impervia. Il sentiero, che \u00e8 sconsigliato a chi soffre di vertigini, collega San Felice Circeo a Torre Paola seguendo l\u2019intero crinale.<\/p>\n<p style=\"text-align: justify;\">L&#8217;area torner\u00e0 a essere fruibile non appena terminati gli interventi.<\/p>\n","protected":false},"excerpt":{"rendered":"<p>SAN FEKLICE CIRCEO &#8211; Il sentiero n\u00b0 750 che porta al Picco di Circe, il pi\u00f9 spettacolare (e difficile) del Promontorio del Circeo, spesso sottovalutato, rester\u00e0 chiuso per qualche mese per consentire lavori di messa in sicurezza. L&#8217;interdizione al pubblico &#8211; si legge nell\u2019ordinanza n\u00b090 del 27-10-2023 a firma del responsabile dei settori Lavori Pubblici [&hellip;]<\/p>\n","protected":false},"author":62,"featured_media":339467,"comment_status":"open","ping_status":"open","sticky":false,"template":"","format":"standard","meta":{"footnotes":""},"categories":[12,734],"tags":[],"class_list":["post-339465","post","type-post","status-publish","format-standard","has-post-thumbnail","hentry","category-ambiente","category-evidenza"],"_links":{"self":[{"href":"https:\/\/www.radioluna.it\/news\/wp-json\/wp\/v2\/posts\/339465","targetHints":{"allow":["GET"]}}],"collection":[{"href":"https:\/\/www.radioluna.it\/news\/wp-json\/wp\/v2\/posts"}],"about":[{"href":"https:\/\/www.radioluna.it\/news\/wp-json\/wp\/v2\/types\/post"}],"author":[{"embeddable":true,"href":"https:\/\/www.radioluna.it\/news\/wp-json\/wp\/v2\/users\/62"}],"replies":[{"embeddable":true,"href":"https:\/\/www.radioluna.it\/news\/wp-json\/wp\/v2\/comments?post=339465"}],"version-history":[{"count":2,"href":"https:\/\/www.radioluna.it\/news\/wp-json\/wp\/v2\/posts\/339465\/revisions"}],"predecessor-version":[{"id":339468,"href":"https:\/\/www.radioluna.it\/news\/wp-json\/wp\/v2\/posts\/339465\/revisions\/339468"}],"wp:featuredmedia":[{"embeddable":true,"href":"https:\/\/www.radioluna.it\/news\/wp-json\/wp\/v2\/media\/339467"}],"wp:attachment":[{"href":"https:\/\/www.radioluna.it\/news\/wp-json\/wp\/v2\/media?parent=339465"}],"wp:term":[{"taxonomy":"category","embeddable":true,"href":"https:\/\/www.radioluna.it\/news\/wp-json\/wp\/v2\/categories?post=339465"},{"taxonomy":"post_tag","embeddable":true,"href":"https:\/\/www.radioluna.it\/news\/wp-json\/wp\/v2\/tags?post=339465"}],"curies":[{"name":"wp","href":"https:\/\/api.w.org\/{rel}","templated":true}]}}