{"id":339547,"date":"2023-11-02T08:18:46","date_gmt":"2023-11-02T07:18:46","guid":{"rendered":"https:\/\/www.radioluna.it\/news\/?p=339547"},"modified":"2023-11-02T08:18:46","modified_gmt":"2023-11-02T07:18:46","slug":"latina-calcio-il-portiere-cardinali-pensiamo-a-crotone","status":"publish","type":"post","link":"https:\/\/www.radioluna.it\/news\/2023\/11\/latina-calcio-il-portiere-cardinali-pensiamo-a-crotone\/","title":{"rendered":"Latina Calcio, il portiere Cardinali: &#8220;Pensiamo a Crotone&#8221;"},"content":{"rendered":"<div id=\"fb-root\"><\/div>\n<p style=\"text-align: justify;\"><strong>LATINA &#8211;<\/strong> Il portiere del Latina Calcio 1932 ha parlato in conferenza stampa del momento dei nerazzurri: &#8220;Abbiamo analizzare quanto accaduto nel match di domenica scorsa insieme al mister e la squadra per comprendere gli errori commessi e cercare di non replicarli, adesso per\u00f2 \u00e8 tempo di pensare solo alla prossima partita, davanti al nostro pubblico, contro il Crotone. Ci troveremo di fronte una formazione di spessore, che ha in rosa giocatori di un certo calibro, ma a fare la differenza come dice spesso il nostro allenatore sar\u00e0 l&#8217;atteggiamento, la concentrazione, la voglia di andare a prendersi un risultato positivo&#8221;.<\/p>\n<p style=\"text-align: justify;\">&#8220;Fino a questo momento credo sia stata una stagione positiva, ma \u00e8 fondamentale non abbassare mai la guardia. Sono contento del lavoro svolto, \u00e8 determinante allenarsi sempre al massimo se si vuole crescere ed \u00e8 quello che sto facendo quotidianamente. Ad inizio anno nessuno ci dava come squadra in grado di stare tra le grandi e invece abbiamo dimostrato, compresa l&#8217;ultima gara di Castellammare, di potercela giocare con tutti a viso aperto. Non credo che stiamo subendo troppi gol, penso che a livello difensivo ci stiamo comportando bene, ma \u00e8 chiaro che dobbiamo continuare a migliorare le nostre prestazioni.<\/p>\n<p style=\"text-align: justify;\">Al suo terzo anno in nerazzurro, Cardinali esalta le qualit\u00e0 del club. &#8220;La nostra evoluzione \u00e8 sotto gli occhi di tutti, penso che i risultati dimostrano la bont\u00e0 del lavoro svolto da quando sono arrivato qui. Anche dal punto di vista personale penso di essere migliorato sotto ogni punto di vista. Dal punto di vista tattico, devo essere pronto a tutto, ormai i portieri sono chiamati a giocare bene con i piedi per permettere la costruzione dal basso, un aspetto su cui si concentra molto il nostro allenatore&#8221;.<\/p>\n<p style=\"text-align: justify;\">Poi, la conclusione relativa agli obiettivi da perseguire: &#8220;Bisogna essere concentrati sul presente, ovvero sul Crotone. C&#8217;\u00e8 una partita alle porte importante e difficile, lavoriamo sodo quotidianamente per farci trovare pronti e conquistare tre punti che ci darebbero un&#8217;ulteriore spinta in classifica&#8221;.<\/p>\n","protected":false},"excerpt":{"rendered":"<p>LATINA &#8211; Il portiere del Latina Calcio 1932 ha parlato in conferenza stampa del momento dei nerazzurri: &#8220;Abbiamo analizzare quanto accaduto nel match di domenica scorsa insieme al mister e la squadra per comprendere gli errori commessi e cercare di non replicarli, adesso per\u00f2 \u00e8 tempo di pensare solo alla prossima partita, davanti al nostro [&hellip;]<\/p>\n","protected":false},"author":5430,"featured_media":0,"comment_status":"open","ping_status":"open","sticky":false,"template":"","format":"standard","meta":{"footnotes":""},"categories":[734,17],"tags":[],"class_list":["post-339547","post","type-post","status-publish","format-standard","hentry","category-evidenza","category-sport"],"_links":{"self":[{"href":"https:\/\/www.radioluna.it\/news\/wp-json\/wp\/v2\/posts\/339547","targetHints":{"allow":["GET"]}}],"collection":[{"href":"https:\/\/www.radioluna.it\/news\/wp-json\/wp\/v2\/posts"}],"about":[{"href":"https:\/\/www.radioluna.it\/news\/wp-json\/wp\/v2\/types\/post"}],"author":[{"embeddable":true,"href":"https:\/\/www.radioluna.it\/news\/wp-json\/wp\/v2\/users\/5430"}],"replies":[{"embeddable":true,"href":"https:\/\/www.radioluna.it\/news\/wp-json\/wp\/v2\/comments?post=339547"}],"version-history":[{"count":0,"href":"https:\/\/www.radioluna.it\/news\/wp-json\/wp\/v2\/posts\/339547\/revisions"}],"wp:attachment":[{"href":"https:\/\/www.radioluna.it\/news\/wp-json\/wp\/v2\/media?parent=339547"}],"wp:term":[{"taxonomy":"category","embeddable":true,"href":"https:\/\/www.radioluna.it\/news\/wp-json\/wp\/v2\/categories?post=339547"},{"taxonomy":"post_tag","embeddable":true,"href":"https:\/\/www.radioluna.it\/news\/wp-json\/wp\/v2\/tags?post=339547"}],"curies":[{"name":"wp","href":"https:\/\/api.w.org\/{rel}","templated":true}]}}