{"id":339708,"date":"2023-11-03T15:46:25","date_gmt":"2023-11-03T14:46:25","guid":{"rendered":"https:\/\/www.radioluna.it\/news\/?p=339708"},"modified":"2023-11-03T15:46:25","modified_gmt":"2023-11-03T14:46:25","slug":"latina-si-prepara-al-natale-approvato-latto-di-indirizzo-in-giunta","status":"publish","type":"post","link":"https:\/\/www.radioluna.it\/news\/2023\/11\/latina-si-prepara-al-natale-approvato-latto-di-indirizzo-in-giunta\/","title":{"rendered":"Latina si prepara al Natale, approvato l&#8217;atto di indirizzo in giunta"},"content":{"rendered":"<div id=\"fb-root\"><\/div>\n<p style=\"text-align: justify;\">Mercatini, concerti in piazza del Popolo e al teatro D\u2019Annunzio, ma anche spettacoli di droni. Queste sono alcune delle iniziative che l\u2019amministrazione comunale di Latina intende realizzare per le festivit\u00e0 natalizie alle porte. Nella giornata di ieri, infatti, \u00e8 stato approvato dalla giunta, su indirizzo del Sindaco, l\u2019atto di indirizzo per gli eventi da realizzare nel periodo compreso tra l\u20198 dicembre e il 7 gennaio. Sar\u00e0 ora compito degli uffici attivare le procedure per acquisire manifestazioni di interesse per la realizzazione del programma di iniziative. Gli avvisi pubblici saranno rivolti a operatori economici diversificati: imprese, societ\u00e0, associazioni, enti, fondazioni, cooperative, consorzi e istituzioni. Verranno avviate anche le procedure per l\u2019acquisizione di contributi da entri pubblici, sponsorizzazioni da parte di imprese, associazioni e comitati, finalizzate alla realizzazione di luminarie e addobbi o alla realizzazione di progetti sul tema. L\u2019importo complessivo stanziato \u00e8 di 125mila euro, di cui 80mila per la programmazione di attivit\u00e0 per le festivit\u00e0 natalizie e 45mila per luminarie.<\/p>\n<p><span>In particolare, l\u2019amministrazione intende realizzare un programma di eventi e manifestazioni che comprendano:<\/span><br \/>\n<span>&#8211; allestimento di mercatini per prodotti artigianali o enogastronomici da realizzarsi dall\u20198 dicembre al 7 gennaio;<\/span><br \/>\n<span>&#8211; Truck Food in via Don Morosini;<\/span><br \/>\n<span>&#8211; pista del ghiaccio;<\/span><br \/>\n<span>&#8211; mercatino di materiali pirotecnici, statuine natalizie e presepi in viale Italia;<\/span><br \/>\n<span>&#8211; addobbo albero di Natale di forma conica in metallo in piazza del Popolo messo a disposizione a titolo gratuito;<\/span><br \/>\n<span>&#8211; cerimonia di deposizione della corona commemorativa al monumento del Bonificatore in piazza del Quadrato con esibizione della banda musicale \u201cRossini\u201d in occasione della celebrazione del Natale di Latina il 18 dicembre e cerimonia istituzionale presso il teatro D\u2019Annunzio;<\/span><br \/>\n<span>&#8211; convegno per la consegna del garage Ruspi;<\/span><br \/>\n<span>&#8211; mostra presepi nel giardino del palazzo comunale;<\/span><br \/>\n<span>&#8211; spettacoli teatrali e musicali e concerto della Premiata Orchestra al teatro D\u2019Annunzio;<\/span><br \/>\n<span>&#8211; spettacolo musicale e mercatino nella piazzetta Nicolosi di via Corridoni;<\/span><br \/>\n<span>&#8211; allestimento delle luminarie nelle vie del centro e dei borghi;<\/span><br \/>\n<span>&#8211; illuminazione con sistemi di proiezione degli edifici pubblici in centro e videomapping sul palazzo comunale;<\/span><br \/>\n<span>&#8211; spettacolo di droni o spettacolo di luci;<\/span><br \/>\n<span>&#8211; spettacolo teatrale \u201cNotre Dame de Paris\u201d con interprete LIS in occasione della giornata internazionale dei diritti delle persone con disabilit\u00e0;<\/span><br \/>\n<span>&#8211; allestimento di un palco coperto in piazza del Popolo per ospitare eventi e concerti aperti al pubblico;<\/span><br \/>\n<span>&#8211; spettacoli per bambini nelle aree messe a disposizione dal Comune;<\/span><br \/>\n<span>&#8211; spettacolo \u201cWe all love Ennio Morricone\u201d a cura dell\u2019associazione Studio Lab al teatro D\u2019Annunzio;<\/span><br \/>\n<span>&#8211; concerto UNICEF presso il teatro D\u2019Annunzio;<\/span><br \/>\n<span>&#8211; mostra sui prodotti di modernariato legati alla nascita della citt\u00e0 presso il museo Cambellotti;<\/span><br \/>\n<span>&#8211; mostra delle opere della Galleria di Arte Moderna e Contemporanea di Latina presso il museo Cambellotti;<\/span><br \/>\n<span>&#8211; concerto di Capodanno a cura del Campus Internazionale di Musica presso il teatro D\u2019Annunzio<\/span><\/p>\n<p><span>\u201cLa nostra intenzione \u2013 ha dichiarato il Sindaco di Latina Matilde Celentano \u2013 \u00e8 quella di offrire ai cittadini e ai turisti un ampio e variegato insieme di proposte, che al tempo stesso possano promuovere le eccellenze locali e avere ricadute favorevoli per l\u2019economia. Con l\u2019atto di indirizzo approvato abbiamo impostato un programma di massima che intendiamo realizzare, ma ovviamente invitiamo gli interessati a presentare ulteriori proposte di iniziative commerciali, culturali o di spettacolo che rispondano allo spirito del Natale\u201d.<\/span><\/p>\n","protected":false},"excerpt":{"rendered":"<p>Mercatini, concerti in piazza del Popolo e al teatro D\u2019Annunzio, ma anche spettacoli di droni. Queste sono alcune delle iniziative che l\u2019amministrazione comunale di Latina intende realizzare per le festivit\u00e0 natalizie alle porte. Nella giornata di ieri, infatti, \u00e8 stato approvato dalla giunta, su indirizzo del Sindaco, l\u2019atto di indirizzo per gli eventi da realizzare [&hellip;]<\/p>\n","protected":false},"author":60,"featured_media":144379,"comment_status":"open","ping_status":"open","sticky":false,"template":"","format":"standard","meta":{"footnotes":""},"categories":[8],"tags":[],"class_list":["post-339708","post","type-post","status-publish","format-standard","has-post-thumbnail","hentry","category-politica"],"_links":{"self":[{"href":"https:\/\/www.radioluna.it\/news\/wp-json\/wp\/v2\/posts\/339708","targetHints":{"allow":["GET"]}}],"collection":[{"href":"https:\/\/www.radioluna.it\/news\/wp-json\/wp\/v2\/posts"}],"about":[{"href":"https:\/\/www.radioluna.it\/news\/wp-json\/wp\/v2\/types\/post"}],"author":[{"embeddable":true,"href":"https:\/\/www.radioluna.it\/news\/wp-json\/wp\/v2\/users\/60"}],"replies":[{"embeddable":true,"href":"https:\/\/www.radioluna.it\/news\/wp-json\/wp\/v2\/comments?post=339708"}],"version-history":[{"count":0,"href":"https:\/\/www.radioluna.it\/news\/wp-json\/wp\/v2\/posts\/339708\/revisions"}],"wp:featuredmedia":[{"embeddable":true,"href":"https:\/\/www.radioluna.it\/news\/wp-json\/wp\/v2\/media\/144379"}],"wp:attachment":[{"href":"https:\/\/www.radioluna.it\/news\/wp-json\/wp\/v2\/media?parent=339708"}],"wp:term":[{"taxonomy":"category","embeddable":true,"href":"https:\/\/www.radioluna.it\/news\/wp-json\/wp\/v2\/categories?post=339708"},{"taxonomy":"post_tag","embeddable":true,"href":"https:\/\/www.radioluna.it\/news\/wp-json\/wp\/v2\/tags?post=339708"}],"curies":[{"name":"wp","href":"https:\/\/api.w.org\/{rel}","templated":true}]}}