{"id":339989,"date":"2023-11-07T17:15:36","date_gmt":"2023-11-07T16:15:36","guid":{"rendered":"https:\/\/www.radioluna.it\/news\/?p=339989"},"modified":"2023-11-07T17:09:31","modified_gmt":"2023-11-07T16:09:31","slug":"parte-a-latina-il-progetto-per-i-giovani-neet-come-fare-richiesta","status":"publish","type":"post","link":"https:\/\/www.radioluna.it\/news\/2023\/11\/parte-a-latina-il-progetto-per-i-giovani-neet-come-fare-richiesta\/","title":{"rendered":"Parte a Latina il progetto per i giovani Neet: come fare richiesta"},"content":{"rendered":"<div id=\"fb-root\"><\/div>\n<p style=\"text-align: justify;\"><strong>LATINA<\/strong> &#8211;\u00a0Entra nel vivo il progetto &#8220;Far\u00f2&#8221;, finanziato da ANCI e dalla Presidenza del Consiglio dei Ministri &#8211; dipartimento per le politiche giovanili e del Servizio Civile Universale, finalizzato a promuovere la realizzazione da parte di amministrazioni comunali di progettualit\u00e0 innovative dedicate ad interventi mirati al target dei giovani in condizione Neet. Questo pomeriggio, presso l&#8217;ufficio del Servizio Pubblica Istruzione e Politiche giovanili, si \u00e8 infatti tenuta una riunione operativa con tutti i partner per stabilire come procedere.<\/p>\n<p style=\"text-align: justify;\">Il progetto, presentato dal Servizio Pubblica istruzione e politiche giovanili del Comune di Latina, prevede la realizzazione di interventi formativi e di orientamento rivolti ai giovani di et\u00e0 compresa tra i 16 e i 35 anni che non studiano, non lavorano e non frequentano corsi di istruzione o formazione. Presupposto per la riuscita del progetto\u00a0 &#8211; si legge in una nota di piazza del Popolo &#8211; \u00e8 la creazione di un sistema efficace di intercettazione dei Neet, grazie al consolidamento delle rete territoriale di tutti i servizi pubblici e del terzo settore. L&#8217;\u00e9quipe multidisciplinare dar\u00e0 ai giovani beneficiari il supporto nella costruzione di un percorso di superamento della condizione di fragilit\u00e0 grazie all&#8217;acquisizione di strumenti e strategie utili a diventare soggetti attivi nella costruzione del proprio percorso di vita.<\/p>\n<p style=\"text-align: justify;\">\u201cIl progetto Far\u00f2 \u2013 dichiara l\u2019assessore alla Politiche giovanili Andrea Chiarato \u2013 da oggi diventa operativo e si inserisce perfettamente nella ricca rete di opportunit\u00e0 che stiamo predisponendo per i giovani di Latina. Ai giovani in condizione Neet, in particolare, l\u2019amministrazione vuole dare fiducia e strumenti per tornare ad essere protagonisti. Ringrazio gli uffici, i partner e il dirigente del settore per l\u2019eccellente lavoro svolto fino ad oggi e per quello che si apprestano a fare. Per i ragazzi che faranno richiesta, infatti, verr\u00e0 pensato un progetto ad hoc, in base alle loro esperienze e aspirazioni, finalizzato alla ricerca della propria strada. Ci saranno educatori per la \u2018presa in cura\u2019 dei partecipanti, che li accompagneranno nei passi che affronteranno: corsi di formazione, ripresa delle lezioni universitarie, lezioni di recupero o quant\u2019altro. Non esiste una ricetta unica n\u00e9 un percorso valido per tutti, la rete attiva nel progetto &#8220;Far\u00f2&#8221; lavorer\u00e0 per trovare la chiave giusta, diversa per ogni giovane, utile a rimboccarsi le maniche e ricominciare. Alla base di questa decisione ci sar\u00e0 la sottoscrizione di un patto in cui verr\u00e0 formalizzato il percorso da intraprendere. Per consolidare la rete, inoltre, ci saranno anche corsi di formazione rivolti a docenti delle scuole superiori attraverso i quali verranno forniti gli strumenti per essere a loro volta di supporto ai ragazzi in difficolt\u00e0\u201d.<\/p>\n<p style=\"text-align: justify;\">I colloqui inizieranno nei prossimi giorni. Gli interessati possono inviare sin da subito una mail all&#8217;indirizzo\u00a0progettofaro@comune.latina.it\u00a0o rivolgersi allo sportello Informagiovani sito in Piazza del Popolo e aperto dal luned\u00ec al gioved\u00ec dalle 9 alle 13.<\/p>\n<p>&nbsp;<\/p>\n","protected":false},"excerpt":{"rendered":"<p>LATINA &#8211;\u00a0Entra nel vivo il progetto &#8220;Far\u00f2&#8221;, finanziato da ANCI e dalla Presidenza del Consiglio dei Ministri &#8211; dipartimento per le politiche giovanili e del Servizio Civile Universale, finalizzato a promuovere la realizzazione da parte di amministrazioni comunali di progettualit\u00e0 innovative dedicate ad interventi mirati al target dei giovani in condizione Neet. Questo pomeriggio, presso [&hellip;]<\/p>\n","protected":false},"author":60,"featured_media":339990,"comment_status":"open","ping_status":"open","sticky":false,"template":"","format":"standard","meta":{"footnotes":""},"categories":[8],"tags":[],"class_list":["post-339989","post","type-post","status-publish","format-standard","has-post-thumbnail","hentry","category-politica"],"_links":{"self":[{"href":"https:\/\/www.radioluna.it\/news\/wp-json\/wp\/v2\/posts\/339989","targetHints":{"allow":["GET"]}}],"collection":[{"href":"https:\/\/www.radioluna.it\/news\/wp-json\/wp\/v2\/posts"}],"about":[{"href":"https:\/\/www.radioluna.it\/news\/wp-json\/wp\/v2\/types\/post"}],"author":[{"embeddable":true,"href":"https:\/\/www.radioluna.it\/news\/wp-json\/wp\/v2\/users\/60"}],"replies":[{"embeddable":true,"href":"https:\/\/www.radioluna.it\/news\/wp-json\/wp\/v2\/comments?post=339989"}],"version-history":[{"count":1,"href":"https:\/\/www.radioluna.it\/news\/wp-json\/wp\/v2\/posts\/339989\/revisions"}],"predecessor-version":[{"id":339991,"href":"https:\/\/www.radioluna.it\/news\/wp-json\/wp\/v2\/posts\/339989\/revisions\/339991"}],"wp:featuredmedia":[{"embeddable":true,"href":"https:\/\/www.radioluna.it\/news\/wp-json\/wp\/v2\/media\/339990"}],"wp:attachment":[{"href":"https:\/\/www.radioluna.it\/news\/wp-json\/wp\/v2\/media?parent=339989"}],"wp:term":[{"taxonomy":"category","embeddable":true,"href":"https:\/\/www.radioluna.it\/news\/wp-json\/wp\/v2\/categories?post=339989"},{"taxonomy":"post_tag","embeddable":true,"href":"https:\/\/www.radioluna.it\/news\/wp-json\/wp\/v2\/tags?post=339989"}],"curies":[{"name":"wp","href":"https:\/\/api.w.org\/{rel}","templated":true}]}}