{"id":340047,"date":"2023-11-08T11:36:26","date_gmt":"2023-11-08T10:36:26","guid":{"rendered":"https:\/\/www.radioluna.it\/news\/?p=340047"},"modified":"2023-11-08T11:39:27","modified_gmt":"2023-11-08T10:39:27","slug":"latina-uffici-comunali-i-dettagli-della-riorganizzazione","status":"publish","type":"post","link":"https:\/\/www.radioluna.it\/news\/2023\/11\/latina-uffici-comunali-i-dettagli-della-riorganizzazione\/","title":{"rendered":"Uffici comunali, i dettagli della riorganizzazione"},"content":{"rendered":"<div id=\"fb-root\"><\/div>\n<p style=\"text-align: justify;\"><strong>LATINA<\/strong> &#8211; Al via la riorganizzazione degli uffici del Comune di Latina, nell\u2019ottica di una maggiore razionalizzazione delle risorse, di una migliore funzionalit\u00e0 degli spazi per l\u2019utenza e per i dipendenti dell\u2019ente e di un miglioramento dei servizi alla comunit\u00e0.<\/p>\n<p style=\"text-align: justify;\">Torneranno in centro, entro gennaio 2024, gli uffici dell\u2019Anagrafe per il rilascio delle carte d\u2019identit\u00e0 elettroniche e le certificazioni anagrafiche. Gli uffici comunali avranno una nuova identit\u00e0. La sede di via Varsavia rappresenter\u00e0 il polo dei Servizi sociali e dell\u2019Istruzione. Lo stabile oggetto di interventi manutentivi, per oltre un milione di euro, con i suoi ampi spazi e possibilit\u00e0 di parcheggio rappresenter\u00e0 una risposta adeguata anche alle esigenze delle fasce con fragilit\u00e0.<\/p>\n<p style=\"text-align: justify;\">Gli uffici dei Servizi sociali, infatti, lasceranno l\u2019ex Teti \u2013 di propriet\u00e0 del Demanio &#8211; per trovare pi\u00f9 adeguati spazi nella sede comunale di via Varsavia, insieme agli uffici del servizio Istruzione e al Centro per l\u2019impiego, oggi allocato in affitto nel quartiere Q5. Nello stesso stabile saranno attivati un front office della Polizia Locale e una sala polivalente. Nell\u2019ex scuola di via Varsavia resteranno i locali concessi per il Centro provinciale per l\u2019istruzione degli adulti e per il Campus internazionale di musica.<\/p>\n<p style=\"text-align: justify;\">L\u2019immobile comunale ex Albergo Italia diventer\u00e0, per i cittadini e i professionisti, il centro di riferimento delle attivit\u00e0 produttive e di tutti i tributi.<\/p>\n<p style=\"text-align: justify;\">Grazie agli spostamenti posti in essere sar\u00e0 possibile liberare nell\u2019immediato il secondo piano di Palazzo Pegasol e i locali attualmente occupati dal Centro per l\u2019impiego, per i quali l\u2019amministrazione attualmente sostiene oneri per la locazione di circa 100mila euro.<\/p>\n<p style=\"text-align: justify;\">Il servizio Finanziario, l\u2019Economato e l\u2019Avvocatura resteranno, momentaneamente, a Palazzo Pegasol. L\u2019obiettivo dell\u2019amministrazione comunale \u00e8 quello di procedere, quanto prima, allo spostamento di questi ultimi al fine di liberare il bilancio dell\u2019ente dagli oneri delle locazioni passive.<\/p>\n<p style=\"text-align: justify;\">Le nuove disposizioni organizzative sono state approvate l\u2019altro ieri dalla giunta del sindaco Matilde Celentano, su indirizzo dell\u2019assessore al Patrimonio Ada Nasti. \u201cIl piano \u2013 ha affermato la prima cittadina &#8211; \u00e8 coerente con gli obiettivi perseguiti dall\u2019amministrazione comunale, ottimizzazione dei processi e delle sinergie lavorative tra i dipendenti, risposte al cittadino in quanto principale fruitore dei servizi offerti dal Comune, valorizzazione degli immobili comunali al fine di ottimizzare la gestione del patrimonio e riduzione delle locazioni passive e contenimento delle spese\u201d.<\/p>\n<p style=\"text-align: justify;\">\u201cQuesta operazione \u2013 ha precisato l\u2019assessore Nasti \u2013 far\u00e0 risparmiare al Comune circa 100mila euro all\u2019anno di affitti, oltre ai risparmi indotti derivanti dalle bollette di luce, acqua e gas. Le somme risparmiate dai canoni di locazione saranno destinate all\u2019integrazione sociale e ai contributi finalizzati all\u2019emergenza abitativa e anche all\u2019attivit\u00e0 volta all\u2019integrazione scolastica, al fine di garantire pari opportunit\u00e0 tra gli studenti e l\u2019accesso all\u2019istruzione, anche oltre l\u2019et\u00e0 dell\u2019obbligo\u201d.<\/p>\n<p style=\"text-align: justify;\">Circa la tempistica delle operazioni programmate con il piano varato dalla giunta, l\u2019assessore Nasti ha affermato che i lavori di riapertura degli uffici del servizio Anagrafe in corso della Repubblica partiranno a brevissimo e saranno completati entro il 30 gennaio prossimo. Tutti gli altri spostamenti saranno effettuati entro sei mesi.<\/p>\n<p style=\"text-align: justify;\">\u201cTutto ci\u00f2 rappresenta soltanto un primo passo verso la riorganizzazione, tutta, degli uffici comunali con l\u2019obiettivo primario di ottimizzazione delle risorse finanziarie, efficientamento dei servizi e degli spazi, e per dare la giusta identit\u00e0 agli uffici in cui il cittadino, nel rivolgersi, deve sentirsi accolto\u201d, ha concluso l\u2019assessore Nasti.<\/p>\n","protected":false},"excerpt":{"rendered":"<p>LATINA &#8211; Al via la riorganizzazione degli uffici del Comune di Latina, nell\u2019ottica di una maggiore razionalizzazione delle risorse, di una migliore funzionalit\u00e0 degli spazi per l\u2019utenza e per i dipendenti dell\u2019ente e di un miglioramento dei servizi alla comunit\u00e0. Torneranno in centro, entro gennaio 2024, gli uffici dell\u2019Anagrafe per il rilascio delle carte d\u2019identit\u00e0 [&hellip;]<\/p>\n","protected":false},"author":60,"featured_media":340048,"comment_status":"open","ping_status":"open","sticky":false,"template":"","format":"standard","meta":{"footnotes":""},"categories":[8],"tags":[],"class_list":["post-340047","post","type-post","status-publish","format-standard","has-post-thumbnail","hentry","category-politica"],"_links":{"self":[{"href":"https:\/\/www.radioluna.it\/news\/wp-json\/wp\/v2\/posts\/340047","targetHints":{"allow":["GET"]}}],"collection":[{"href":"https:\/\/www.radioluna.it\/news\/wp-json\/wp\/v2\/posts"}],"about":[{"href":"https:\/\/www.radioluna.it\/news\/wp-json\/wp\/v2\/types\/post"}],"author":[{"embeddable":true,"href":"https:\/\/www.radioluna.it\/news\/wp-json\/wp\/v2\/users\/60"}],"replies":[{"embeddable":true,"href":"https:\/\/www.radioluna.it\/news\/wp-json\/wp\/v2\/comments?post=340047"}],"version-history":[{"count":2,"href":"https:\/\/www.radioluna.it\/news\/wp-json\/wp\/v2\/posts\/340047\/revisions"}],"predecessor-version":[{"id":340051,"href":"https:\/\/www.radioluna.it\/news\/wp-json\/wp\/v2\/posts\/340047\/revisions\/340051"}],"wp:featuredmedia":[{"embeddable":true,"href":"https:\/\/www.radioluna.it\/news\/wp-json\/wp\/v2\/media\/340048"}],"wp:attachment":[{"href":"https:\/\/www.radioluna.it\/news\/wp-json\/wp\/v2\/media?parent=340047"}],"wp:term":[{"taxonomy":"category","embeddable":true,"href":"https:\/\/www.radioluna.it\/news\/wp-json\/wp\/v2\/categories?post=340047"},{"taxonomy":"post_tag","embeddable":true,"href":"https:\/\/www.radioluna.it\/news\/wp-json\/wp\/v2\/tags?post=340047"}],"curies":[{"name":"wp","href":"https:\/\/api.w.org\/{rel}","templated":true}]}}