{"id":340077,"date":"2023-11-08T15:44:44","date_gmt":"2023-11-08T14:44:44","guid":{"rendered":"https:\/\/www.radioluna.it\/news\/?p=340077"},"modified":"2023-11-08T15:44:55","modified_gmt":"2023-11-08T14:44:55","slug":"ppe-della-marina-ok-della-commissione-urbanistica-agli-indirizzi-progettuali","status":"publish","type":"post","link":"https:\/\/www.radioluna.it\/news\/2023\/11\/ppe-della-marina-ok-della-commissione-urbanistica-agli-indirizzi-progettuali\/","title":{"rendered":"Ppe della Marina, ok della commissione Urbanistica agli indirizzi progettuali"},"content":{"rendered":"<div id=\"fb-root\"><\/div>\n<p style=\"text-align: justify;\"><strong>LATINA &#8211;<\/strong> Via libera alla revisione del Piano particolareggiato della Marina di Latina da parte della commissione Urbanistica.\u00a0Questa mattina, l\u2019organismo presieduto dal consigliere Roberto Belvisi, ha concluso l\u2019esame dello studio preliminare svolto dai tecnici incaricati, gli ingegneri Antonio Petti e Fabrizio Ferracci, per la variante del Ppe, approvando gli indirizzi per la redazione del nuovo piano che conferir\u00e0 al lungomare una nuova prospettiva di sviluppo socio-economico, nell\u2019ottica della sostenibilit\u00e0.<\/p>\n<p style=\"text-align: justify;\">Presenti in commissione gli assessori Annalisa Muzio e Gianluca Di Cocco, rispettivamente con deleghe all\u2019Urbanistica e alla Marina.<\/p>\n<p style=\"text-align: justify;\">\u201cPer noi \u00e8 un punto fondamentale per lo sviluppo della Marina ed \u00e8 la pietra miliare del futuro della citt\u00e0. Ci stiamo assumendo la responsabilit\u00e0 di scelte finalmente fattive e non soltanto narrate, hanno commentato gli assessori Muzio e Di Cocco.<\/p>\n<p style=\"text-align: justify;\">Il nuovo strumento urbanistico dovr\u00e0 superare le criticit\u00e0 emerse dallo studio preliminare, prevedendo ad esempio operazioni di ristrutturazione dell\u2019edificato presente senza soluzione di continuit\u00e0 lungo la strada Lungomare, anche e soprattutto attraverso cambi di destinazione d\u2019uso da residenziale a strutture per attivit\u00e0 ricettiva alberghiera\u201d ha spiegato \u00a0l\u2019assessore Muzio, a margine della seduta. \u201cTra gli indirizzi forniti ai tecnici per la redazione della revisione del Ppe \u2013 ha continuato l\u2019assessore \u2013 abbiamo inserito per i fabbricati condonati, o che comunque abbiano i requisiti per conseguire il permesso di costruzione in sanatoria, insistenti nella fascia ricompresa tra il canale Colmata e la strada Lungomare, possibilit\u00e0 di trasferimento della volumetria nelle aree ad espansione. Abbiamo previsto una nuova perimetrazione di nuclei abusivi nell\u2019ambito del Piano di recupero al fine di gestirne il risanamento urbanistico in maniera pi\u00f9 veloce e snella\u201d.<\/p>\n<p style=\"text-align: justify;\">I tecnici che andranno a redigere il nuovo Ppe della Marina, secondo le indicazioni dell\u2019amministrazione comunale, dovranno proporre inoltre l\u2019individuazione di un\u2019ampia area in cui localizzare impianti sportivi e un palazzetto dello sport, utilizzando ed eventualmente incrementando le ampie aree di parcheggio gi\u00e0 previste. \u201cTutto ci\u00f2, in modo armonico, con la previsione gi\u00e0 inserita nel Pua della realizzazione della cosiddetta Beach Arena, spazio dedicato agli sport e agli eventi sportivi, progetto al quale ho fortemente creduto e che ho fortemente voluto\u201d, ha sottolineato Muzio.<\/p>\n<p style=\"text-align: justify;\">\u201cTenendo in considerazione anche importanti finanziamenti per il trasporto di massa che collegher\u00e0 lo Scalo alla citt\u00e0 e conseguentemente alla Marina, abbiamo previsto \u2013 ha aggiunto l\u2019assessore Di Cocco &#8211; la rimodulazione del \u00a0sistema della viabilit\u00e0 e dei trasporti del lungomare, affinch\u00e9 i flussi principali di traffico possano consentire a chiunque di raggiungere \u00a0il litorale in maniera agevole ma al contempo nel pieno rispetto della sostenibilit\u00e0 ambientale. Abbiamo chiesto ai tecnici, inoltre, di procedere prioritariamente con uno studio al fine di individuare soluzioni, di immediata esecuzione, per rendere meno congestionata la strada Lungomare il cui deflusso oggi insiste praticamente solo sulla strada Casilina. Tra gli indirizzi anche quello di raccordare le previsioni del Piano particolareggiato con la concomitante proposta e programmazione del Piano degli Arenili\/Dune\u201d. \u201cSoltanto rendendo attrattivo il territorio con il Piano della Marina, finalmente approdato in commissione, ci saranno i presupposti per attrarre investimenti ed investitori\u201d, ha concluso Di Cocco.<\/p>\n<p style=\"text-align: justify;\">Inserita, inoltre, nel documento approvato all\u2019unanimit\u00e0 dei presenti (assenti al momento della votazione i commissari dei gruppi di minoranza), la valutazione delle reali opportunit\u00e0 di sviluppo dell\u2019area delle Terme compatibilmente con le intervenute previsioni del Ptpr e con le procedure giudiziarie in corso.<\/p>\n<p style=\"text-align: justify;\">La seduta della commissione si \u00e8 conclusa con il secondo passaggio delle linee guida per i Print. \u201cAbbiamo inserito, come indirizzo politico, al quale teniamo in maniera particolare, una priorit\u00e0 strategica, che \u00e8 quella di dare precedenza ai Print per lo sviluppo dei borghi e delle periferie, allo scopo di garantire servizi ai residenti di queste zone. Tutto ci\u00f2 in attesa dell\u2019ultimo passaggio in commissione, in previsione dell\u2019esame del Consiglio comunale\u201d, ha concluso Muzio.<\/p>\n","protected":false},"excerpt":{"rendered":"<p>LATINA &#8211; Via libera alla revisione del Piano particolareggiato della Marina di Latina da parte della commissione Urbanistica.\u00a0Questa mattina, l\u2019organismo presieduto dal consigliere Roberto Belvisi, ha concluso l\u2019esame dello studio preliminare svolto dai tecnici incaricati, gli ingegneri Antonio Petti e Fabrizio Ferracci, per la variante del Ppe, approvando gli indirizzi per la redazione del nuovo [&hellip;]<\/p>\n","protected":false},"author":60,"featured_media":0,"comment_status":"open","ping_status":"open","sticky":false,"template":"","format":"standard","meta":{"footnotes":""},"categories":[8],"tags":[],"class_list":["post-340077","post","type-post","status-publish","format-standard","hentry","category-politica"],"_links":{"self":[{"href":"https:\/\/www.radioluna.it\/news\/wp-json\/wp\/v2\/posts\/340077","targetHints":{"allow":["GET"]}}],"collection":[{"href":"https:\/\/www.radioluna.it\/news\/wp-json\/wp\/v2\/posts"}],"about":[{"href":"https:\/\/www.radioluna.it\/news\/wp-json\/wp\/v2\/types\/post"}],"author":[{"embeddable":true,"href":"https:\/\/www.radioluna.it\/news\/wp-json\/wp\/v2\/users\/60"}],"replies":[{"embeddable":true,"href":"https:\/\/www.radioluna.it\/news\/wp-json\/wp\/v2\/comments?post=340077"}],"version-history":[{"count":0,"href":"https:\/\/www.radioluna.it\/news\/wp-json\/wp\/v2\/posts\/340077\/revisions"}],"wp:attachment":[{"href":"https:\/\/www.radioluna.it\/news\/wp-json\/wp\/v2\/media?parent=340077"}],"wp:term":[{"taxonomy":"category","embeddable":true,"href":"https:\/\/www.radioluna.it\/news\/wp-json\/wp\/v2\/categories?post=340077"},{"taxonomy":"post_tag","embeddable":true,"href":"https:\/\/www.radioluna.it\/news\/wp-json\/wp\/v2\/tags?post=340077"}],"curies":[{"name":"wp","href":"https:\/\/api.w.org\/{rel}","templated":true}]}}