{"id":340144,"date":"2023-11-09T17:00:40","date_gmt":"2023-11-09T16:00:40","guid":{"rendered":"https:\/\/www.radioluna.it\/news\/?p=340144"},"modified":"2023-11-10T12:23:54","modified_gmt":"2023-11-10T11:23:54","slug":"latina-occupa-una-casa-per-10-anni-e-si-fa-pagare-condominio-e-utenze-dal-proprietario","status":"publish","type":"post","link":"https:\/\/www.radioluna.it\/news\/2023\/11\/latina-occupa-una-casa-per-10-anni-e-si-fa-pagare-condominio-e-utenze-dal-proprietario\/","title":{"rendered":"Latina, occupa una casa per 10 anni e si fa pagare condominio e utenze dal proprietario"},"content":{"rendered":"<div id=\"fb-root\"><\/div>\n<div style=\"width: 640px;\" class=\"wp-video\"><video class=\"wp-video-shortcode\" id=\"video-340144-1\" width=\"640\" height=\"360\" preload=\"metadata\" controls=\"controls\"><source type=\"video\/mp4\" src=\"https:\/\/www.radioluna.it\/news\/wp-content\/uploads\/2023\/11\/VIDEO-LATINA.mp4?_=1\" \/><a href=\"https:\/\/www.radioluna.it\/news\/wp-content\/uploads\/2023\/11\/VIDEO-LATINA.mp4\">https:\/\/www.radioluna.it\/news\/wp-content\/uploads\/2023\/11\/VIDEO-LATINA.mp4<\/a><\/video><\/div>\n<p style=\"text-align: justify;\"><strong>LATINA<\/strong> &#8211; Ha occupato per dieci anni un&#8217;abitazione non sua, contro la volont\u00e0 del legittimo proprietario. Con questa accusa i Carabinieri del Reparto Operativo-Nucleo Investigativo di Latina diretti dal tenente colonnello De Lise hanno notificato un decreto di sequestro preventivo, emesso dalla Procura della Repubblica di Latina, nei confronti di una 29enne del capoluogo.<\/p>\n<p style=\"text-align: justify;\">Una vicenda che ha dell&#8217;incredibile e di cui i militari sono venuti a conoscenza solo poche settimane fa, nel corso di controlli nel quartiere Nicolosi, decidendo di prendere il caso di petto. Il proprietario dell&#8217;abitazione , un 60 enne, infatti era in causa civile da anni per riavere quello che era suo, e per timore di conseguenze personali, visti i rapporti di parentela della donna e dei suoi due figli con il clan Di Silvio, non aveva mai sporto denuncia. Anzi, temendo conseguenze peggiori per s\u00e9 e per la sua propriet\u00e0,\u00a0 pagava anche le spese condominiali e le utenze.<\/p>\n<p style=\"text-align: justify;\">Sono stati i militari operanti ad avviare le indagini, informando la Procura della Repubblica di Latina che ha trovato lo strumento giuridico pi\u00f9 celere per agire. La donna, ricevuto nei giorni scorsi il decreto di sequestro della casa, si \u00e8 detta stupita di vedersela sottrarre a distanza di cos\u00ec tanto tempo, ma ha accettato di lasciarla. L&#8217;appartamento \u00e8 stato trovato in pessime condizioni, ma ora, nel tempo necessario al disbrigo delle necessarie pratiche burocratiche di dissequestro, sar\u00e0 restituito al proprietario.<\/p>\n<div class=\"radio-posizionamento-telefono-in-articoli-dopo-il-contenuto-articolo radio-entity-placement\" id=\"radio-44268402\"><div id=\"radio-230324302\"><a href=\"https:\/\/grupporedi.it\/\" aria-label=\"Redi-Qr\"><img loading=\"lazy\" decoding=\"async\" src=\"https:\/\/www.radioluna.it\/news\/wp-content\/uploads\/2026\/03\/Redi-Qr.jpg\" alt=\"\"  srcset=\"https:\/\/www.radioluna.it\/news\/wp-content\/uploads\/2026\/03\/Redi-Qr.jpg 800w, https:\/\/www.radioluna.it\/news\/wp-content\/uploads\/2026\/03\/Redi-Qr-768x639.jpg 768w\" sizes=\"(max-width: 800px) 100vw, 800px\" width=\"300\" height=\"250\"   \/><\/a><\/div><\/div>","protected":false},"excerpt":{"rendered":"<p>LATINA &#8211; Ha occupato per dieci anni un&#8217;abitazione non sua, contro la volont\u00e0 del legittimo proprietario. Con questa accusa i Carabinieri del Reparto Operativo-Nucleo Investigativo di Latina diretti dal tenente colonnello De Lise hanno notificato un decreto di sequestro preventivo, emesso dalla Procura della Repubblica di Latina, nei confronti di una 29enne del capoluogo. Una [&hellip;]<\/p>\n","protected":false},"author":62,"featured_media":340146,"comment_status":"open","ping_status":"open","sticky":false,"template":"","format":"video","meta":{"footnotes":""},"categories":[7,2428],"tags":[],"class_list":["post-340144","post","type-post","status-publish","format-video","has-post-thumbnail","hentry","category-cronaca","category-primo-piano","post_format-post-format-video"],"_links":{"self":[{"href":"https:\/\/www.radioluna.it\/news\/wp-json\/wp\/v2\/posts\/340144","targetHints":{"allow":["GET"]}}],"collection":[{"href":"https:\/\/www.radioluna.it\/news\/wp-json\/wp\/v2\/posts"}],"about":[{"href":"https:\/\/www.radioluna.it\/news\/wp-json\/wp\/v2\/types\/post"}],"author":[{"embeddable":true,"href":"https:\/\/www.radioluna.it\/news\/wp-json\/wp\/v2\/users\/62"}],"replies":[{"embeddable":true,"href":"https:\/\/www.radioluna.it\/news\/wp-json\/wp\/v2\/comments?post=340144"}],"version-history":[{"count":6,"href":"https:\/\/www.radioluna.it\/news\/wp-json\/wp\/v2\/posts\/340144\/revisions"}],"predecessor-version":[{"id":340152,"href":"https:\/\/www.radioluna.it\/news\/wp-json\/wp\/v2\/posts\/340144\/revisions\/340152"}],"wp:featuredmedia":[{"embeddable":true,"href":"https:\/\/www.radioluna.it\/news\/wp-json\/wp\/v2\/media\/340146"}],"wp:attachment":[{"href":"https:\/\/www.radioluna.it\/news\/wp-json\/wp\/v2\/media?parent=340144"}],"wp:term":[{"taxonomy":"category","embeddable":true,"href":"https:\/\/www.radioluna.it\/news\/wp-json\/wp\/v2\/categories?post=340144"},{"taxonomy":"post_tag","embeddable":true,"href":"https:\/\/www.radioluna.it\/news\/wp-json\/wp\/v2\/tags?post=340144"}],"curies":[{"name":"wp","href":"https:\/\/api.w.org\/{rel}","templated":true}]}}