{"id":340324,"date":"2023-11-12T12:45:41","date_gmt":"2023-11-12T11:45:41","guid":{"rendered":"https:\/\/www.radioluna.it\/news\/?p=340324"},"modified":"2023-11-13T08:24:44","modified_gmt":"2023-11-13T07:24:44","slug":"teatro-romano-di-terracina-presentato-il-ritratto-di-giulio-cesare","status":"publish","type":"post","link":"https:\/\/www.radioluna.it\/news\/2023\/11\/teatro-romano-di-terracina-presentato-il-ritratto-di-giulio-cesare\/","title":{"rendered":"Teatro Romano di Terracina, presentato il ritratto di Giulio Cesare"},"content":{"rendered":"<div id=\"fb-root\"><\/div>\n<p style=\"text-align: justify;\"><strong>TERRACINA &#8211;<\/strong> Una giornata di festa, straordinaria e carica di emozione quella vissuta da Terracina, con il suo Teatro Romano che dopo 2000 anni \u00e8 tornato ufficialmente alla luce insieme a reperti unici, come la testa della statua di Giulio Cesare, che riproduce fedelmente il suo volto. Una cerimonia d\u2019inaugurazione sentita e partecipata dalla cittadinanza e non solo che ha gremito Piazza Municipio. \u00c8 proprio qui, sul Foro Emiliano, che si \u00e8 tenuta la prima parte della cerimonia. Dopo il saluto del Sindaco di Terracina, Francesco Giannetti, e i saluti istituzionali alla presenza delle pi\u00f9 alte autorit\u00e0 del Ministero della Cultura, dei Rappresentanti della Regione Lazio, dell\u2019Europarlamento e dei Sindaci dei Comuni vicini, c\u2019\u00e8 stata una breve introduzione moderata dalla Responsabile della Comunicazione della Soprintendenza Gilda Iadicicco. Il Direttore Generale delle Soprintendenze Luigi La Rocca dal palco ha annunciato che proseguir\u00e0 il sostegno da parte del Ministero per continuare i lavori che consentiranno l\u2019intera fruizione del teatro. Quindi ha preso la parola il Soprintendente Francesco Di Mario, che ha ricostruito tutto il lavoro fatto e da lui diretto nel corso degli anni che ha permesso di riportare alla luce questo Teatro dalle caratteristiche praticamente uniche, rarissimo esempio di una struttura interamente originale, con la stessa cavea di 2000 anni fa. Grazie anche al lavoro del CNR, i tantissimi presenti hanno potuto vedere le immagini di quanto \u00e8 stato fatto nel tempo, come \u00e8 cambiato l\u2019aspetto del Foro, tutto documentato da un time lapse. Una storia lunga, quella della rinascita del Teatro Romano, che parte dal tragico bombardamento del 4 settembre 1943 e arriva fino ad oggi, giorno dell\u2019inaugurazione ufficiale. Poi sul maxi schermo \u00e8 comparsa la testa di una statua, uno degli ultimi regali fatti dal Teatro, come ha sottolineato il Soprintendente Di Mario. Non un ritratto qualsiasi, ma quello di Giulio Cesare non idealizzato, esattamente come era, senza nascondere neppure i segni del tempo sul volto. Un ritratto unico considerato anche l\u2019eccellente stato di conservazione, che ha consentito di eseguire anche una ricostruzione fotografica di Giulio Cesare. Il ritratto ora si potr\u00e0 visionare nel vicino Capitolium accanto a quelli di Livia e Gaio.<\/p>\n<p style=\"text-align: justify;\">Poi \u00e8 stato il momento della restituzione simbolica della struttura alla Citt\u00e0, con tutta la piazza che ha intonato il conto alla rovescia e ha assistito alla caduta del velo che fino a oggi ha separato il Teatro Romano dal Foro Emiliano. Tanta emozione, un lungo applauso, e la standing ovation della piazza.<\/p>\n<p style=\"text-align: justify;\">Ultimo momento di questa giornata che di diritto entra nella storia della Citt\u00e0, il concerto organizzato dalla Fondazione Campus Internazionale di Musica di Latina con la Roma Tre Orchestra che ha iniziato la sua esibizione con l\u2019Inno d\u2019Italia. Il primo evento all\u2019interno del Teatro dopo 2000 anni.<\/p>\n<p style=\"text-align: justify;\">\u00ab\u00c8 stata una grande emozione restituire questo Teatro alla sua Citt\u00e0, riunirlo finalmente al Foro. Un lavoro complesso, con la cavea che \u00e8 stata riportata al suo aspetto originale riposizionando ciascuno dei blocchi calcarei, le sedute per gli spettatori, che nel corso del tempo erano stati asportati. Un Teatro straordinario per la sua interezza, che tra i tanti regali ci ha donato anche questo ritratto unico di Giulio Cesare, di cui sicuramente si parler\u00e0 nel mondo\u00bb, il commento del Soprintendente Francesco Di Mario.<\/p>\n<p style=\"text-align: justify;\">\u00abL\u2019emozione \u00e8 stata davvero tanta. Ogni giorno abbiamo visto rinascere il nostro Teatro pezzo dopo pezzo, ma vederlo svelato oggi, e vedere i tanti spettatori nella cavea, seduti come accadeva 2000 anni fa, \u00e8 stato qualcosa di indescrivibile. Sono davvero contenta di aver visto la grande partecipazione e il grande entusiasmo dei tantissimi presenti\u00bb, ha dichiarato l\u2019Assessore alla Cultura e ai Grandi Eventi Alessandra Feudi.<\/p>\n<p style=\"text-align: justify;\">\u00abDa cittadino prima ancora che da Sindaco \u00e8 stata una giornata che non si pu\u00f2 dimenticare. La mia formazione da architetto mi permette di dire, senza tema di smentita, che il nostro Teatro \u00e8 un gioiello prezioso e straordinario che va ad unirsi all\u2019immenso patrimonio della nostra Citt\u00e0. Vedere questa piazza gremita, tutti uniti, segna una rinascita che non \u00e8 solo del Teatro ma dell\u2019intera comunit\u00e0\u00bb, ha dichiarato il Sindaco di Terracina Francesco Giannetti.<\/p>\n<p style=\"text-align: justify;\">L\u2019evento, presentato da Franco Iannizzi, \u00e8 stato trasmesso in diretta da Lazio TV.<\/p>\n","protected":false},"excerpt":{"rendered":"<p>TERRACINA &#8211; Una giornata di festa, straordinaria e carica di emozione quella vissuta da Terracina, con il suo Teatro Romano che dopo 2000 anni \u00e8 tornato ufficialmente alla luce insieme a reperti unici, come la testa della statua di Giulio Cesare, che riproduce fedelmente il suo volto. Una cerimonia d\u2019inaugurazione sentita e partecipata dalla cittadinanza [&hellip;]<\/p>\n","protected":false},"author":60,"featured_media":340328,"comment_status":"open","ping_status":"open","sticky":false,"template":"","format":"gallery","meta":{"footnotes":""},"categories":[15,734],"tags":[],"class_list":["post-340324","post","type-post","status-publish","format-gallery","has-post-thumbnail","hentry","category-cultura","category-evidenza","post_format-post-format-gallery"],"_links":{"self":[{"href":"https:\/\/www.radioluna.it\/news\/wp-json\/wp\/v2\/posts\/340324","targetHints":{"allow":["GET"]}}],"collection":[{"href":"https:\/\/www.radioluna.it\/news\/wp-json\/wp\/v2\/posts"}],"about":[{"href":"https:\/\/www.radioluna.it\/news\/wp-json\/wp\/v2\/types\/post"}],"author":[{"embeddable":true,"href":"https:\/\/www.radioluna.it\/news\/wp-json\/wp\/v2\/users\/60"}],"replies":[{"embeddable":true,"href":"https:\/\/www.radioluna.it\/news\/wp-json\/wp\/v2\/comments?post=340324"}],"version-history":[{"count":2,"href":"https:\/\/www.radioluna.it\/news\/wp-json\/wp\/v2\/posts\/340324\/revisions"}],"predecessor-version":[{"id":340365,"href":"https:\/\/www.radioluna.it\/news\/wp-json\/wp\/v2\/posts\/340324\/revisions\/340365"}],"wp:featuredmedia":[{"embeddable":true,"href":"https:\/\/www.radioluna.it\/news\/wp-json\/wp\/v2\/media\/340328"}],"wp:attachment":[{"href":"https:\/\/www.radioluna.it\/news\/wp-json\/wp\/v2\/media?parent=340324"}],"wp:term":[{"taxonomy":"category","embeddable":true,"href":"https:\/\/www.radioluna.it\/news\/wp-json\/wp\/v2\/categories?post=340324"},{"taxonomy":"post_tag","embeddable":true,"href":"https:\/\/www.radioluna.it\/news\/wp-json\/wp\/v2\/tags?post=340324"}],"curies":[{"name":"wp","href":"https:\/\/api.w.org\/{rel}","templated":true}]}}